{"id":1268,"date":"2024-09-12T10:19:42","date_gmt":"2024-09-12T10:19:42","guid":{"rendered":"https:\/\/arimonblogi.fi\/?p=1268"},"modified":"2025-12-16T05:32:37","modified_gmt":"2025-12-16T05:32:37","slug":"vanhoja-taloja-mikkelista-paamajankatu-osa-1","status":"publish","type":"post","link":"https:\/\/arimonblogi.fi\/?p=1268","title":{"rendered":"Vanhoja taloja Mikkelist\u00e4 &#8211; P\u00e4\u00e4majankatu Osa 1"},"content":{"rendered":"\n<p>Puolustusvoimien P\u00e4\u00e4maja on sijainnut Mikkeliss\u00e4 kaikkien itsen\u00e4isyyden ajan sotien ajan. Mikkelin polttimo- ja oluttehdastontin vieress\u00e4 Polttimonkadulla sijaitsi yksikerroksisten asuinrakennuksien puukortteli. Sotien j\u00e4lkeen kadun nimi muuttui P\u00e4\u00e4majankaduksi. It\u00e4-Suomen Instituutin toimesta on Tapani Wirilander ja Markku Paappanen ehtineet ottaa valokuvia kiitett\u00e4v\u00e4sti ennen kuin kaikkia on ehditty purkaa ja muuttaa kerrostaloiksi. N\u00e4it\u00e4 kuvia tuon nyt tarjolle n\u00e4iss\u00e4 kuvapainotteisissa blogeissa t\u00e4lt\u00e4kin kadulta.  Joitakin kuvia on my\u00f6s entisen luokkakaverini Arto H\u00e4m\u00e4l\u00e4isen ottamien valokuvien arkistosta. Joitakin yksitt\u00e4isi\u00e4 kuvia on my\u00f6s muilta.<\/p>\n\n\n\n<figure class=\"wp-block-image size-full\"><img loading=\"lazy\" decoding=\"async\" width=\"737\" height=\"489\" src=\"https:\/\/arimonblogi.fi\/wp-content\/uploads\/2024\/09\/Paamajankatu-2-ja-Savilahdenkatu-15.jpg\" alt=\"\" class=\"wp-image-1269\" srcset=\"https:\/\/arimonblogi.fi\/wp-content\/uploads\/2024\/09\/Paamajankatu-2-ja-Savilahdenkatu-15.jpg 737w, https:\/\/arimonblogi.fi\/wp-content\/uploads\/2024\/09\/Paamajankatu-2-ja-Savilahdenkatu-15-300x199.jpg 300w\" sizes=\"auto, (max-width: 737px) 100vw, 737px\" \/><figcaption class=\"wp-element-caption\">P\u00e4\u00e4majankatu 2 ja Savilahdenkatu 15<\/figcaption><\/figure>\n\n\n\n<p>T\u00e4ss\u00e4 on valokuva kulmatalosta osoitteessa P\u00e4\u00e4majankatu 2 ja Savilahdenkatu 5. Kuvan on ottanut Markku Paappanen vuonna 1970 It\u00e4-Suomen instituutin toimeksiannosta. Se on Elkan arkistosta per\u00e4isin.<\/p>\n\n\n\n<p>T\u00e4m\u00e4 on ollut talonomistaja Emil V\u00e4is\u00e4sen talo. Sen omisti 1800-1900-lukujen vaihteessa puusepp\u00e4 Juho Koistinen, joka on lienee my\u00f6s rakennuttanut talon 1890-luvulla. Sen j\u00e4lkeen on taloa omistaneet muun muassa lehtori Onni Pesonen ja pankinjohtaja V\u00e4in\u00f6 Pursiainen. <\/p>\n\n\n\n<p class=\"has-vivid-purple-color has-text-color has-link-color wp-elements-83b3a329daacb7b2dda88b48ba3bb8e3\"><strong> <\/strong><\/p>\n\n\n\n<figure class=\"wp-block-image size-full\"><img loading=\"lazy\" decoding=\"async\" width=\"735\" height=\"490\" src=\"https:\/\/arimonblogi.fi\/wp-content\/uploads\/2024\/09\/Paamajankatu-3-kansakoulun-ruokala.jpg\" alt=\"\" class=\"wp-image-1270\" srcset=\"https:\/\/arimonblogi.fi\/wp-content\/uploads\/2024\/09\/Paamajankatu-3-kansakoulun-ruokala.jpg 735w, https:\/\/arimonblogi.fi\/wp-content\/uploads\/2024\/09\/Paamajankatu-3-kansakoulun-ruokala-300x200.jpg 300w\" sizes=\"auto, (max-width: 735px) 100vw, 735px\" \/><figcaption class=\"wp-element-caption\">P\u00e4\u00e4majankatu 3<\/figcaption><\/figure>\n\n\n\n<p>T\u00e4ss\u00e4 on P\u00e4\u00e4majankatu 3, jonka on kuvannut vuonna 1970 Markku Paappanen. Kuva on Elkan arkistosta. Etualalla n\u00e4kyv\u00e4 puurakennus on toiminut kansakoulun ruokalana ja vahtimestarin asuntona. Se on valmistunut vuonna 1889.  Taaempana olevan kivirakennuksen pohjoisosa rakennettiin uudeksi kansakoulurakennukseksi vuonna 1902. Sit\u00e4 on jatkettu edell\u00e4 mainittuun puurakennukseen saakka vuonna 1937. Talossa toimi talvi- ja jatkosodan aikana Suomen Puolustusvoimien P\u00e4\u00e4maja. <\/p>\n\n\n\n<figure class=\"wp-block-image size-full\"><img loading=\"lazy\" decoding=\"async\" width=\"583\" height=\"800\" src=\"https:\/\/arimonblogi.fi\/wp-content\/uploads\/2024\/09\/Kopis-repro-1982.jpg\" alt=\"\" class=\"wp-image-1288\" srcset=\"https:\/\/arimonblogi.fi\/wp-content\/uploads\/2024\/09\/Kopis-repro-1982.jpg 583w, https:\/\/arimonblogi.fi\/wp-content\/uploads\/2024\/09\/Kopis-repro-1982-219x300.jpg 219w\" sizes=\"auto, (max-width: 583px) 100vw, 583px\" \/><figcaption class=\"wp-element-caption\">Mikkelin kauppaoppilaitos<\/figcaption><\/figure>\n\n\n\n<p>T\u00e4ss\u00e4 on P\u00e4\u00e4majankatu 4 osoitteessa oleva Mikkelin kauppaoppilaitos. T\u00e4h\u00e4n oppilaitokseen siirryin suoraan armeijasta syksyll\u00e4 1974. En tied\u00e4 t\u00e4m\u00e4n kuvan alkuper\u00e4ist\u00e4 ottajaa, mutta sen on reprokuvannut vuonna 1982 Jorma H\u00f6ri. Koulu valmistui vuonna 1951. Kuva on Mikkelin kaupungin museoista.<\/p>\n\n\n\n<figure class=\"wp-block-image size-full\"><img loading=\"lazy\" decoding=\"async\" width=\"714\" height=\"482\" src=\"https:\/\/arimonblogi.fi\/wp-content\/uploads\/2024\/09\/Vuorikatu-16-ja-Paamajankatu-4.jpg\" alt=\"\" class=\"wp-image-1271\" srcset=\"https:\/\/arimonblogi.fi\/wp-content\/uploads\/2024\/09\/Vuorikatu-16-ja-Paamajankatu-4.jpg 714w, https:\/\/arimonblogi.fi\/wp-content\/uploads\/2024\/09\/Vuorikatu-16-ja-Paamajankatu-4-300x203.jpg 300w\" sizes=\"auto, (max-width: 714px) 100vw, 714px\" \/><figcaption class=\"wp-element-caption\">Vuorikatu 16 ja P\u00e4\u00e4majankatu 4<\/figcaption><\/figure>\n\n\n\n<p>T\u00e4ss\u00e4 olemme Vuorikatu 16 ja P\u00e4\u00e4majankatu 4 kulmatalossa. Talo on rakennettu vuosien 1897-1899 v\u00e4lisen\u00e4 aikana. Ulkolaudoitus on my\u00f6h\u00e4isemm\u00e4lt\u00e4 ajalta. Talossa on toiminut 1950-1960 luvuilla \u00e4itiysneuvola. Sinne oli sis\u00e4\u00e4nk\u00e4ynti P\u00e4\u00e4majankadun puolelta. T\u00e4ss\u00e4 talossa ovat asuneet muiden muassa Palmiolat, joista Anne ja Petri olivat l\u00e4sn\u00e4 minun h\u00e4iss\u00e4ni Helsingiss\u00e4 vuonna 1982. Kuvassa n\u00e4kyy my\u00f6s Mikkelin kauppaoppilaitosta sek\u00e4 keskuskansakoulua. Markku Paappanen on t\u00e4m\u00e4n n\u00e4kym\u00e4n ikuistanut vuonna 1970. Kuva on Elkan arkistosta.<\/p>\n\n\n\n<figure class=\"wp-block-image size-full\"><img loading=\"lazy\" decoding=\"async\" width=\"751\" height=\"510\" src=\"https:\/\/arimonblogi.fi\/wp-content\/uploads\/2024\/09\/Paamajankatu-5-ja-Vuorikatu-13.jpg\" alt=\"\" class=\"wp-image-1272\" srcset=\"https:\/\/arimonblogi.fi\/wp-content\/uploads\/2024\/09\/Paamajankatu-5-ja-Vuorikatu-13.jpg 751w, https:\/\/arimonblogi.fi\/wp-content\/uploads\/2024\/09\/Paamajankatu-5-ja-Vuorikatu-13-300x204.jpg 300w\" sizes=\"auto, (max-width: 751px) 100vw, 751px\" \/><figcaption class=\"wp-element-caption\">P\u00e4\u00e4majankatu 5 ja Vuorikatu 13<\/figcaption><\/figure>\n\n\n\n<p>Kuvassa n\u00e4kyy useita rakennuksia Markku Paappasen vuonna 1970 kuvaamana. Esittelyss\u00e4 on P\u00e4\u00e4majankatu 5 ja Vuorikatu 13 rakennus. Kuva on Elkasta.<\/p>\n\n\n\n<p>Kyseess\u00e4 on kapteeni Harald Harvon omistama talo. Sen omisti 1800-1900-lukujen vaihteessa ajuri David Nyk\u00e4nen, joka on lienee rakentanut talon 1880-luvun lopulla. Uudempi rakennus on tehty 1900-luvun alussa. Rouva Harvo peri talon vanhemmiltaan. Mikkelil\u00e4inen musiikkialan ammattilainen Oiva Vasara on asunut talossa ja h\u00e4nell\u00e4 on ollut my\u00f6s musiikkiliike Vuorikadun puolella. <\/p>\n\n\n\n<figure class=\"wp-block-image size-full\"><img loading=\"lazy\" decoding=\"async\" width=\"715\" height=\"488\" src=\"https:\/\/arimonblogi.fi\/wp-content\/uploads\/2024\/09\/Paamajankatu-6-ja-Vuorikatu-15.jpg\" alt=\"\" class=\"wp-image-1273\" srcset=\"https:\/\/arimonblogi.fi\/wp-content\/uploads\/2024\/09\/Paamajankatu-6-ja-Vuorikatu-15.jpg 715w, https:\/\/arimonblogi.fi\/wp-content\/uploads\/2024\/09\/Paamajankatu-6-ja-Vuorikatu-15-300x205.jpg 300w\" sizes=\"auto, (max-width: 715px) 100vw, 715px\" \/><figcaption class=\"wp-element-caption\">P\u00e4\u00e4majankatu 6 ja Vuorikatu 15<\/figcaption><\/figure>\n\n\n\n<p>T\u00e4ss\u00e4 on talo osoitteessa P\u00e4\u00e4majankatu 6 ja Vuorikatu 15. Sen rakennutti 1800-1900-lukujen vaihteessa kruununkuriiri Kalle Pylkk\u00e4nen. H\u00e4nen perillisens\u00e4 myiv\u00e4t talon nimismies Otto Wahlgrenille, Viimeksi talossa on sijainnut Antti Kainulaisen antiikkiliike.<\/p>\n\n\n\n<p>T\u00e4m\u00e4 valokuva on Markku Paappasen ottama vuonna 1970. Se on Elkan arkistosta.<\/p>\n\n\n\n<p><\/p>\n\n\n\n<figure class=\"wp-block-image size-full\"><img loading=\"lazy\" decoding=\"async\" width=\"714\" height=\"493\" src=\"https:\/\/arimonblogi.fi\/wp-content\/uploads\/2024\/09\/Paamajankatu-7.jpg\" alt=\"\" class=\"wp-image-1274\" srcset=\"https:\/\/arimonblogi.fi\/wp-content\/uploads\/2024\/09\/Paamajankatu-7.jpg 714w, https:\/\/arimonblogi.fi\/wp-content\/uploads\/2024\/09\/Paamajankatu-7-300x207.jpg 300w\" sizes=\"auto, (max-width: 714px) 100vw, 714px\" \/><figcaption class=\"wp-element-caption\">P\u00e4\u00e4majankatu 7<\/figcaption><\/figure>\n\n\n\n<p>Olemme kuvan my\u00f6t\u00e4 osoitteessa P\u00e4\u00e4majankatu 7. T\u00e4m\u00e4n talon rakennutti 1890-luvulla eversti Konrad L\u00f6nnqvist. H\u00e4nen perillisens\u00e4 myiv\u00e4t talon terveyskaitsija Heikki Hartikaiselle. H\u00e4nen perilliset myiv\u00e4t sen taasen rautakaupanjohtaja Jalmari Turuselle. H\u00e4nelt\u00e4 talo siirtyi Niilo Pulkkiselle.<\/p>\n\n\n\n<p>T\u00e4m\u00e4n kuvan on ottanut Markku Paappanen vuonna 1970. Otos on Elkan arkistosta per\u00e4isin. <\/p>\n\n\n\n<figure class=\"wp-block-image size-full\"><img loading=\"lazy\" decoding=\"async\" width=\"720\" height=\"485\" src=\"https:\/\/arimonblogi.fi\/wp-content\/uploads\/2024\/09\/Paamajankatu-9.jpg\" alt=\"\" class=\"wp-image-1275\" srcset=\"https:\/\/arimonblogi.fi\/wp-content\/uploads\/2024\/09\/Paamajankatu-9.jpg 720w, https:\/\/arimonblogi.fi\/wp-content\/uploads\/2024\/09\/Paamajankatu-9-300x202.jpg 300w\" sizes=\"auto, (max-width: 720px) 100vw, 720px\" \/><figcaption class=\"wp-element-caption\">P\u00e4\u00e4majankatu 9<\/figcaption><\/figure>\n\n\n\n<p>Valokuvassa on rakennus osoitteessa P\u00e4\u00e4majankatu 9. Talon rakennutti 1800-luvun lopulla l\u00e4\u00e4ninhallituksen vahtimestari Ville Koistinen. H\u00e4nen perillisens\u00e4 myiv\u00e4t talon entiselle senaattorille Hjalmar Langinkoskelle. Sittemmin talo siirtyi rouva Irja Mahkoselle, joka myi sen vuonna 1967.<\/p>\n\n\n\n<p>T\u00e4m\u00e4n kuvan on ottanut Markku Paappanen vuonna 1970. Kuva on Elkasta.<\/p>\n\n\n\n<figure class=\"wp-block-image size-full\"><img loading=\"lazy\" decoding=\"async\" width=\"512\" height=\"353\" src=\"https:\/\/arimonblogi.fi\/wp-content\/uploads\/2024\/09\/Paamajankatu-10-ja-8-Julkunen.jpg\" alt=\"\" class=\"wp-image-1276\" srcset=\"https:\/\/arimonblogi.fi\/wp-content\/uploads\/2024\/09\/Paamajankatu-10-ja-8-Julkunen.jpg 512w, https:\/\/arimonblogi.fi\/wp-content\/uploads\/2024\/09\/Paamajankatu-10-ja-8-Julkunen-300x207.jpg 300w\" sizes=\"auto, (max-width: 512px) 100vw, 512px\" \/><figcaption class=\"wp-element-caption\">P\u00e4\u00e4majankatu 10 ja 8<\/figcaption><\/figure>\n\n\n\n<p>Pirjo Julkunen on ottanut t\u00e4m\u00e4n kuvan osoitteesta P\u00e4\u00e4majankatu 10 ja 8. Vuonna 1964 t\u00e4m\u00e4n ensimm\u00e4isen talon omisti Heikki Tarkiainen. My\u00f6hemmin talo purettiin ja se siirrettiin Kalvitsaan. T\u00e4m\u00e4 kuva on Mikkelin kaupungin museoista.<\/p>\n\n\n\n<figure class=\"wp-block-image size-full\"><img loading=\"lazy\" decoding=\"async\" width=\"721\" height=\"470\" src=\"https:\/\/arimonblogi.fi\/wp-content\/uploads\/2024\/09\/Paamajankatu-10.jpg\" alt=\"\" class=\"wp-image-1277\" srcset=\"https:\/\/arimonblogi.fi\/wp-content\/uploads\/2024\/09\/Paamajankatu-10.jpg 721w, https:\/\/arimonblogi.fi\/wp-content\/uploads\/2024\/09\/Paamajankatu-10-300x196.jpg 300w\" sizes=\"auto, (max-width: 721px) 100vw, 721px\" \/><figcaption class=\"wp-element-caption\">P\u00e4\u00e4majankatu 10<\/figcaption><\/figure>\n\n\n\n<p>Kuvassa on talo osoitteessa P\u00e4\u00e4majankatu 10. Se on entisen opettajan Anna Nordmanin omaa sukua Petroffin ja h\u00e4nen sisarensa omistama talo. He rakennuttivat sen 1930-luvulla.<\/p>\n\n\n\n<p>Valokuva on Markku Paappasen ottama vuonna 1970. Kuva on Elkan arkistosta.<\/p>\n\n\n\n<figure class=\"wp-block-image size-full\"><img loading=\"lazy\" decoding=\"async\" width=\"720\" height=\"500\" src=\"https:\/\/arimonblogi.fi\/wp-content\/uploads\/2024\/09\/Paamajankatua-etelaan-talvella-1963-Wirilander.jpg\" alt=\"\" class=\"wp-image-1278\" srcset=\"https:\/\/arimonblogi.fi\/wp-content\/uploads\/2024\/09\/Paamajankatua-etelaan-talvella-1963-Wirilander.jpg 720w, https:\/\/arimonblogi.fi\/wp-content\/uploads\/2024\/09\/Paamajankatua-etelaan-talvella-1963-Wirilander-300x208.jpg 300w\" sizes=\"auto, (max-width: 720px) 100vw, 720px\" \/><figcaption class=\"wp-element-caption\">P\u00e4\u00e4majankatua etel\u00e4\u00e4n p\u00e4in<\/figcaption><\/figure>\n\n\n\n<p>Tapani Wirilander on kuvannut vuonna 1963 P\u00e4\u00e4majankatua kirkolle p\u00e4in ja t\u00e4ss\u00e4 tapauksessa etel\u00e4n suuntaan.<\/p>\n\n\n\n<figure class=\"wp-block-image size-full\"><img loading=\"lazy\" decoding=\"async\" width=\"720\" height=\"527\" src=\"https:\/\/arimonblogi.fi\/wp-content\/uploads\/2024\/09\/Paamajankatua-1977-Arto.jpg\" alt=\"\" class=\"wp-image-1279\" srcset=\"https:\/\/arimonblogi.fi\/wp-content\/uploads\/2024\/09\/Paamajankatua-1977-Arto.jpg 720w, https:\/\/arimonblogi.fi\/wp-content\/uploads\/2024\/09\/Paamajankatua-1977-Arto-300x220.jpg 300w\" sizes=\"auto, (max-width: 720px) 100vw, 720px\" \/><figcaption class=\"wp-element-caption\">P\u00e4\u00e4majankatua Arton kuvaamana<\/figcaption><\/figure>\n\n\n\n<p>Arto H\u00e4m\u00e4l\u00e4inen on kuvannut P\u00e4\u00e4majankatua syyskuussa 1977. Kuva on Arton omasta arkistosta.<\/p>\n\n\n\n<p>Itselleni t\u00e4m\u00e4 katu ja t\u00e4m\u00e4 tienoo on tullut tutuksi erikoisesti kouluvuosien aikana. Matka Mikkelin Lyseoon niin Kirkkokadulta kuin my\u00f6s my\u00f6hemmin Siekkil\u00e4st\u00e4 kulki melko usein my\u00f6s n\u00e4iden katujen kautta. Vuosien 1974 ja 1976 v\u00e4lisen\u00e4 aikana k\u00e4vin Mikkelin Kauppaoppilaitoksessa P\u00e4\u00e4majankatu 4 osoitteessa. <\/p>\n\n\n\n<p>Jatkan viel\u00e4 kolmella kuvapainotteisella blogilla t\u00e4t\u00e4 kadulta. Muutamia itseottamiakin valokuvia l\u00f6ytyy arkistostani. Kommentoikaa ja kertokaa, jos esimerkiksi asiavirheit\u00e4 tulee vastaan. Ne on helppo korjata n\u00e4iss\u00e4 systeemeiss\u00e4. Se on huomattavasti helpompaa, kuin painetussa sanassa. En ole isommalti mainostanut blogejani. Teette hyvin, jos kerrotte heille, joita esimerkiksi t\u00e4m\u00e4nkaltainen paikallishistoria kiinnostaa. Minulla on Word Pressiss\u00e4 kaksi eri blogipohjaa, Mannari ja Arimon blogi. Jo noita nimi\u00e4 googlettamalla p\u00e4\u00e4see sivuille.<\/p>\n\n\n\n<p class=\"has-vivid-purple-color has-text-color has-link-color wp-elements-8eebce70903ef3d7b0a8e7518a77445d\"> <\/p>\n","protected":false},"excerpt":{"rendered":"<p>Puolustusvoimien P\u00e4\u00e4maja on sijainnut Mikkeliss\u00e4 kaikkien itsen\u00e4isyyden ajan sotien ajan. Mikkelin polttimo- ja oluttehdastontin vieress\u00e4 Polttimonkadulla sijaitsi yksikerroksisten asuinrakennuksien puukortteli. Sotien j\u00e4lkeen kadun nimi muuttui P\u00e4\u00e4majankaduksi. It\u00e4-Suomen Instituutin toimesta on Tapani Wirilander ja Markku Paappanen ehtineet ottaa valokuvia kiitett\u00e4v\u00e4sti ennen kuin kaikkia on ehditty purkaa ja muuttaa kerrostaloiksi. N\u00e4it\u00e4 kuvia tuon nyt tarjolle n\u00e4iss\u00e4 kuvapainotteisissa [&hellip;]<\/p>\n","protected":false},"author":1,"featured_media":0,"comment_status":"open","ping_status":"open","sticky":false,"template":"","format":"standard","meta":{"footnotes":""},"categories":[12,81,57,74],"tags":[17,22,82,43],"class_list":["post-1268","post","type-post","status-publish","format-standard","hentry","category-matkailu","category-mikkeli","category-paikallishistoria","category-rakennukset","tag-mikkeli","tag-paikallishistoria","tag-rakennukset","tag-vanhat-valokuvat"],"_links":{"self":[{"href":"https:\/\/arimonblogi.fi\/index.php?rest_route=\/wp\/v2\/posts\/1268","targetHints":{"allow":["GET"]}}],"collection":[{"href":"https:\/\/arimonblogi.fi\/index.php?rest_route=\/wp\/v2\/posts"}],"about":[{"href":"https:\/\/arimonblogi.fi\/index.php?rest_route=\/wp\/v2\/types\/post"}],"author":[{"embeddable":true,"href":"https:\/\/arimonblogi.fi\/index.php?rest_route=\/wp\/v2\/users\/1"}],"replies":[{"embeddable":true,"href":"https:\/\/arimonblogi.fi\/index.php?rest_route=%2Fwp%2Fv2%2Fcomments&post=1268"}],"version-history":[{"count":19,"href":"https:\/\/arimonblogi.fi\/index.php?rest_route=\/wp\/v2\/posts\/1268\/revisions"}],"predecessor-version":[{"id":4057,"href":"https:\/\/arimonblogi.fi\/index.php?rest_route=\/wp\/v2\/posts\/1268\/revisions\/4057"}],"wp:attachment":[{"href":"https:\/\/arimonblogi.fi\/index.php?rest_route=%2Fwp%2Fv2%2Fmedia&parent=1268"}],"wp:term":[{"taxonomy":"category","embeddable":true,"href":"https:\/\/arimonblogi.fi\/index.php?rest_route=%2Fwp%2Fv2%2Fcategories&post=1268"},{"taxonomy":"post_tag","embeddable":true,"href":"https:\/\/arimonblogi.fi\/index.php?rest_route=%2Fwp%2Fv2%2Ftags&post=1268"}],"curies":[{"name":"wp","href":"https:\/\/api.w.org\/{rel}","templated":true}]}}