{"id":2623,"date":"2025-02-27T11:16:14","date_gmt":"2025-02-27T11:16:14","guid":{"rendered":"https:\/\/arimonblogi.fi\/?p=2623"},"modified":"2025-12-16T04:34:39","modified_gmt":"2025-12-16T04:34:39","slug":"armeijan-harmaata-arnold-tilgmannin-postikorteissa","status":"publish","type":"post","link":"https:\/\/arimonblogi.fi\/?p=2623","title":{"rendered":"Armeijan harmaata Arnold Tilgmannin postikorteissa"},"content":{"rendered":"\n<p>Tuon nyt n\u00e4ytille sotilaskortteja kokoelmastani. N\u00e4iden piirt\u00e4j\u00e4 on monitoimimies Arnold Tilgmann. My\u00f6hemm\u00e4ss\u00e4 vaiheessa esittelen h\u00e4nen tuotantoaan lis\u00e4\u00e4 muiden alueiden piirroksilla. Erikoisesti joulu- ja p\u00e4\u00e4si\u00e4iskortteja minulla on runsaasti h\u00e4nen piirt\u00e4m\u00e4n\u00e4\u00e4n.<\/p>\n\n\n\n<p>Arnold Gotthard Tilgmann syntyi 12.9.1902 ja kuoli 18.1.1978. H\u00e4n syntyi Sveitsiss\u00e4. Is\u00e4 oli liikemies Herman Hildor Tilgmann ja \u00e4iti Alma Matilda Sj\u00f6blom. Arnold k\u00e4vi viisi luokkaa lyseota. Sen j\u00e4lkeen h\u00e4n opiskeli Suomen Taideyhdistyksen piirustuskoulussa 1920-1922 v\u00e4lisen\u00e4 aikana. H\u00e4n opiskeli my\u00f6s Helsingin musiikkiopistossa vuosina 1925-1928. N\u00e4ist\u00e4 opinnoista muotoutui sitten el\u00e4m\u00e4nty\u00f6. Arnoldista tuli oopperalaulaja, kuvittaja, liikemies sek\u00e4 mainos- ja pilapiirt\u00e4j\u00e4. Talvisodan j\u00e4lkeen h\u00e4n perusti taidekustantamo Oy Paletti Ab:n, joka julkaisi postikorttien lis\u00e4ksi my\u00f6s lasten kirjoja, pelej\u00e4, v\u00e4rityskirjoja yms.<\/p>\n\n\n\n<p>N\u00e4m\u00e4 esille tuodut sotilaat ovat huumorilla h\u00f6ystettyj\u00e4 mielikuvitushahmoja. T\u00e4ss\u00e4 osiossa en tuo esille tipuja ja ankkoja, jotka my\u00f6s esiintyv\u00e4t Arnold Tilgmannin korteissa sotilasvarusteissa.<\/p>\n\n\n\n<figure class=\"wp-block-image size-large\"><img loading=\"lazy\" decoding=\"async\" width=\"1024\" height=\"682\" src=\"https:\/\/arimonblogi.fi\/wp-content\/uploads\/2025\/02\/Tilgmann-Arnold-1943111-Maija-ja-Kalle-3-1024x682.jpg\" alt=\"\" class=\"wp-image-2624\" srcset=\"https:\/\/arimonblogi.fi\/wp-content\/uploads\/2025\/02\/Tilgmann-Arnold-1943111-Maija-ja-Kalle-3-1024x682.jpg 1024w, https:\/\/arimonblogi.fi\/wp-content\/uploads\/2025\/02\/Tilgmann-Arnold-1943111-Maija-ja-Kalle-3-300x200.jpg 300w, https:\/\/arimonblogi.fi\/wp-content\/uploads\/2025\/02\/Tilgmann-Arnold-1943111-Maija-ja-Kalle-3-768x512.jpg 768w, https:\/\/arimonblogi.fi\/wp-content\/uploads\/2025\/02\/Tilgmann-Arnold-1943111-Maija-ja-Kalle-3.jpg 1526w\" sizes=\"auto, (max-width: 1024px) 100vw, 1024px\" \/><figcaption class=\"wp-element-caption\">Maija ja Kalle<\/figcaption><\/figure>\n\n\n\n<p>Arnoldin piirroshahmot Maija ja Kalle esiintyv\u00e4t t\u00e4ss\u00e4 blogissa monta kertaa. Paletti on julkaisut ihan oman sarjan heille. Monet n\u00e4ist\u00e4 esille tulevista korteista ovat liikkuneet kentt\u00e4postissa. Talvi- ja jatkosodan aikana kentt\u00e4posti oli tarkan valvonnan alaisena. L\u00e4hetyksiin ei merkitty osoitteita, jotteivat ne paljastaisi yksik\u00f6iden sijaintia joutuessaan v\u00e4\u00e4riin k\u00e4siin. Jatkosodan aikana l\u00e4hetettiin vuosittain 64-126 miljoonaa kentt\u00e4postil\u00e4hetyst\u00e4. <\/p>\n\n\n\n<p>T\u00e4m\u00e4n postikortin on saanut rouva Margaretha Granvik Rauhankatu 3 osoitteeseen Kruununhaassa Helsingiss\u00e4. Sen on l\u00e4hett\u00e4nyt aviomies 14.11.1943 sielt\u00e4 jostakin. <\/p>\n\n\n\n<p><strong> <\/strong><\/p>\n\n\n\n<figure class=\"wp-block-image size-large\"><img loading=\"lazy\" decoding=\"async\" width=\"670\" height=\"1024\" src=\"https:\/\/arimonblogi.fi\/wp-content\/uploads\/2025\/02\/AT-19440322-670x1024.jpg\" alt=\"\" class=\"wp-image-2625\" srcset=\"https:\/\/arimonblogi.fi\/wp-content\/uploads\/2025\/02\/AT-19440322-670x1024.jpg 670w, https:\/\/arimonblogi.fi\/wp-content\/uploads\/2025\/02\/AT-19440322-196x300.jpg 196w, https:\/\/arimonblogi.fi\/wp-content\/uploads\/2025\/02\/AT-19440322.jpg 750w\" sizes=\"auto, (max-width: 670px) 100vw, 670px\" \/><figcaption class=\"wp-element-caption\">Postikortti 22.3.1944<\/figcaption><\/figure>\n\n\n\n<p>T\u00e4m\u00e4 on Paletin sarjasta Kes\u00e4sotilas. Rouva Astrid Gr\u00f6nroos Viipurinkadulta Helsingist\u00e4 on saanut t\u00e4m\u00e4n. Titti kiittelee kaikista paketeista, mit\u00e4 Ani on l\u00e4hetellyt h\u00e4nelle.<\/p>\n\n\n\n<figure class=\"wp-block-image size-large\"><img loading=\"lazy\" decoding=\"async\" width=\"657\" height=\"1024\" src=\"https:\/\/arimonblogi.fi\/wp-content\/uploads\/2025\/02\/Tilgmann-Arnold-1431109-Maija-ja-Kalle-2-657x1024.jpg\" alt=\"\" class=\"wp-image-2626\" srcset=\"https:\/\/arimonblogi.fi\/wp-content\/uploads\/2025\/02\/Tilgmann-Arnold-1431109-Maija-ja-Kalle-2-657x1024.jpg 657w, https:\/\/arimonblogi.fi\/wp-content\/uploads\/2025\/02\/Tilgmann-Arnold-1431109-Maija-ja-Kalle-2-192x300.jpg 192w, https:\/\/arimonblogi.fi\/wp-content\/uploads\/2025\/02\/Tilgmann-Arnold-1431109-Maija-ja-Kalle-2-768x1197.jpg 768w, https:\/\/arimonblogi.fi\/wp-content\/uploads\/2025\/02\/Tilgmann-Arnold-1431109-Maija-ja-Kalle-2-986x1536.jpg 986w, https:\/\/arimonblogi.fi\/wp-content\/uploads\/2025\/02\/Tilgmann-Arnold-1431109-Maija-ja-Kalle-2.jpg 1033w\" sizes=\"auto, (max-width: 657px) 100vw, 657px\" \/><figcaption class=\"wp-element-caption\">Postikortti 9.11.1943<\/figcaption><\/figure>\n\n\n\n<p>Maija ja Kalle tapaavat pitk\u00e4st\u00e4 aikaa. Suudelma on sen mukainen, ei mik\u00e4\u00e4n pieni poskipusu. T\u00e4m\u00e4n kortin on j\u00e4lleen saanut Margaretha Granvik Rauhankadulle Krunikkaan. Yhden miespolven j\u00e4lkeen itse aloitin ty\u00f6t Rauhankatu 17 osoitteessa Kansallisarkistossa reilu 62 vuotta t\u00e4m\u00e4n kirjeen liikkumisesta. Kortissa on mielenkiintoista teksti\u00e4 pienell\u00e4 kirjoitettuna ja ruotsin kielell\u00e4. Olen itse lukenut jonkin verran sotap\u00e4iv\u00e4kirjoja, joiden kautta p\u00e4\u00e4see autenttisesti mukaan pieness\u00e4 m\u00e4\u00e4rin rintamalle. Is\u00e4ni kaksi velje\u00e4 Viljo ja Emil eiv\u00e4t koskaan palanneet sielt\u00e4 jostakin. N\u00e4it\u00e4 postikortteja lukiessa k\u00e4y mieless\u00e4, kuinka on mahtanut k\u00e4yd\u00e4 n\u00e4iden korttien l\u00e4hett\u00e4jille.  Jos olette kiinnostuneita sotap\u00e4iv\u00e4kirjoista, valokuvista  ym. Suomen sotiin liittyvist\u00e4, niin k\u00e4yk\u00e4\u00e4 netist\u00e4 tutustumassa mahtavaan tietokantaan www.sotasampo.fi sivuilla.<\/p>\n\n\n\n<figure class=\"wp-block-image size-large\"><img loading=\"lazy\" decoding=\"async\" width=\"674\" height=\"1024\" src=\"https:\/\/arimonblogi.fi\/wp-content\/uploads\/2025\/02\/Tilgmann-Arnold-19410905-Sotilassarja-1-674x1024.jpg\" alt=\"\" class=\"wp-image-2628\" srcset=\"https:\/\/arimonblogi.fi\/wp-content\/uploads\/2025\/02\/Tilgmann-Arnold-19410905-Sotilassarja-1-674x1024.jpg 674w, https:\/\/arimonblogi.fi\/wp-content\/uploads\/2025\/02\/Tilgmann-Arnold-19410905-Sotilassarja-1-198x300.jpg 198w, https:\/\/arimonblogi.fi\/wp-content\/uploads\/2025\/02\/Tilgmann-Arnold-19410905-Sotilassarja-1-768x1166.jpg 768w, https:\/\/arimonblogi.fi\/wp-content\/uploads\/2025\/02\/Tilgmann-Arnold-19410905-Sotilassarja-1-1012x1536.jpg 1012w, https:\/\/arimonblogi.fi\/wp-content\/uploads\/2025\/02\/Tilgmann-Arnold-19410905-Sotilassarja-1.jpg 1032w\" sizes=\"auto, (max-width: 674px) 100vw, 674px\" \/><figcaption class=\"wp-element-caption\">Postikortti 5.9.1941<\/figcaption><\/figure>\n\n\n\n<p>T\u00e4m\u00e4 on Paletin Sotilassarjaa. T\u00e4m\u00e4n postikortin on saanut rouva Aino Tamminen \u00c4ht\u00e4riin. 3.9.1941 poika Aimo kirjoittaa: &#8221;R.\u00c4. Siit\u00e4 P:n matkasta tuli kuitenkin tosi. Nyt olen jo paluumatkalla junassa Pieks\u00e4m\u00e4ell\u00e4. Hidasta t\u00e4m\u00e4 matkan teko nyt on, kun t\u00e4ytyy kiert\u00e4\u00e4 n\u00e4in kaukaa. Kovasti mielenkiintoinen matka. Paljon olen n\u00e4hnyt uutta. Kirjoitan pian kuulumisia. T\u00e4n\u00e4\u00e4n minun olisi pit\u00e4nyt olla ty\u00f6ss\u00e4, mutta tuli pieni keskeytys Liskel\u00e4ss\u00e4 ( on Karjalankannaksella Raudussa, minun lis\u00e4ys) ja junamme my\u00f6h\u00e4styi. Syd\u00e4mellisin terveisin Aimo.&#8221;<\/p>\n\n\n\n<figure class=\"wp-block-image size-large\"><img loading=\"lazy\" decoding=\"async\" width=\"685\" height=\"1024\" src=\"https:\/\/arimonblogi.fi\/wp-content\/uploads\/2025\/02\/Tilgmann-Arnold-Maija-ja-Kalle-4-685x1024.jpg\" alt=\"\" class=\"wp-image-2630\" srcset=\"https:\/\/arimonblogi.fi\/wp-content\/uploads\/2025\/02\/Tilgmann-Arnold-Maija-ja-Kalle-4-685x1024.jpg 685w, https:\/\/arimonblogi.fi\/wp-content\/uploads\/2025\/02\/Tilgmann-Arnold-Maija-ja-Kalle-4-201x300.jpg 201w, https:\/\/arimonblogi.fi\/wp-content\/uploads\/2025\/02\/Tilgmann-Arnold-Maija-ja-Kalle-4-768x1148.jpg 768w, https:\/\/arimonblogi.fi\/wp-content\/uploads\/2025\/02\/Tilgmann-Arnold-Maija-ja-Kalle-4-1027x1536.jpg 1027w, https:\/\/arimonblogi.fi\/wp-content\/uploads\/2025\/02\/Tilgmann-Arnold-Maija-ja-Kalle-4.jpg 1040w\" sizes=\"auto, (max-width: 685px) 100vw, 685px\" \/><figcaption class=\"wp-element-caption\">Maija ja Kalle j\u00e4lleen<\/figcaption><\/figure>\n\n\n\n<p>T\u00e4m\u00e4n Arnold Tilgmannin piirt\u00e4m\u00e4n postikortin on saanut neiti Lea Alenius Franzeninkadulle Kallioon Helsinkiin. Se on l\u00e4hetetty Savonlinnasta. Tauno kirjoittaa olevansa k\u00e4ym\u00e4ss\u00e4 Savonlinnassa. H\u00e4n ihmettelee, jotta onko Lea saanut h\u00e4nen kirjeit\u00e4\u00e4n ollenkaan, kun ei ole vastannut.<\/p>\n\n\n\n<figure class=\"wp-block-image size-large\"><img loading=\"lazy\" decoding=\"async\" width=\"654\" height=\"1024\" src=\"https:\/\/arimonblogi.fi\/wp-content\/uploads\/2025\/02\/Tilgmann-Arnold-Sota-Matti-sarja-1-kton-654x1024.jpg\" alt=\"\" class=\"wp-image-2631\" srcset=\"https:\/\/arimonblogi.fi\/wp-content\/uploads\/2025\/02\/Tilgmann-Arnold-Sota-Matti-sarja-1-kton-654x1024.jpg 654w, https:\/\/arimonblogi.fi\/wp-content\/uploads\/2025\/02\/Tilgmann-Arnold-Sota-Matti-sarja-1-kton-192x300.jpg 192w, https:\/\/arimonblogi.fi\/wp-content\/uploads\/2025\/02\/Tilgmann-Arnold-Sota-Matti-sarja-1-kton-768x1202.jpg 768w, https:\/\/arimonblogi.fi\/wp-content\/uploads\/2025\/02\/Tilgmann-Arnold-Sota-Matti-sarja-1-kton-982x1536.jpg 982w, https:\/\/arimonblogi.fi\/wp-content\/uploads\/2025\/02\/Tilgmann-Arnold-Sota-Matti-sarja-1-kton.jpg 997w\" sizes=\"auto, (max-width: 654px) 100vw, 654px\" \/><figcaption class=\"wp-element-caption\">Sotamatti<\/figcaption><\/figure>\n\n\n\n<p>T\u00e4m\u00e4 Arnoldin piirt\u00e4m\u00e4 kortti kuuluu sarjaan Sotamatti. T\u00e4m\u00e4 on kulkematon. Olin itse armeijassa vuosina 1973-1974. T\u00e4st\u00e4 muistui mieleeni marssilaulumme Raukin ajalta Karkialammelta. Se kuului jotenkin n\u00e4in: &#8221;Min\u00e4 Matti olen t\u00e4ss\u00e4 maailmassa, vaikka varreltani matala. Ei iloa itkuksi muuttaa voi, t\u00e4m\u00e4 kohtalo katala. Olen tukitappaja ja me ammutaan kovilla jne.&#8221; Olin Panssarintorjuntakomppaniassa ja me kuuluimme tukikomppaniaan, jossa oli my\u00f6s Kranaatinheitinkomppania ja Viestikomppania. <\/p>\n\n\n\n<figure class=\"wp-block-image size-large\"><img loading=\"lazy\" decoding=\"async\" width=\"645\" height=\"1024\" src=\"https:\/\/arimonblogi.fi\/wp-content\/uploads\/2025\/02\/Tilgmann-Arnold-19440308-Maija-ja-Kalle-1-645x1024.jpg\" alt=\"\" class=\"wp-image-2632\" srcset=\"https:\/\/arimonblogi.fi\/wp-content\/uploads\/2025\/02\/Tilgmann-Arnold-19440308-Maija-ja-Kalle-1-645x1024.jpg 645w, https:\/\/arimonblogi.fi\/wp-content\/uploads\/2025\/02\/Tilgmann-Arnold-19440308-Maija-ja-Kalle-1-189x300.jpg 189w, https:\/\/arimonblogi.fi\/wp-content\/uploads\/2025\/02\/Tilgmann-Arnold-19440308-Maija-ja-Kalle-1-768x1220.jpg 768w, https:\/\/arimonblogi.fi\/wp-content\/uploads\/2025\/02\/Tilgmann-Arnold-19440308-Maija-ja-Kalle-1-967x1536.jpg 967w, https:\/\/arimonblogi.fi\/wp-content\/uploads\/2025\/02\/Tilgmann-Arnold-19440308-Maija-ja-Kalle-1.jpg 987w\" sizes=\"auto, (max-width: 645px) 100vw, 645px\" \/><figcaption class=\"wp-element-caption\">Maija Kallen syliss\u00e4 8.3.1944 kortissa<\/figcaption><\/figure>\n\n\n\n<p>Rouva Margaretha Granvik on saanut j\u00e4lleen postikortin rintamalta. Osoite on Rauhankatu 3 lokaali 7 Helsinki. Kentt\u00e4postissa on t\u00e4m\u00e4kin liikkunut niin kuin useat muut esittelem\u00e4ni kortit t\u00e4ss\u00e4 blogissa. Kortti on ruotsiksi kirjoitettu. Alku on min \u00e4lskade ja loppu din egen.<\/p>\n\n\n\n<figure class=\"wp-block-image size-large\"><img loading=\"lazy\" decoding=\"async\" width=\"1024\" height=\"674\" src=\"https:\/\/arimonblogi.fi\/wp-content\/uploads\/2025\/02\/Arnold-1938-Viljo-Pietinen-1024x674.jpg\" alt=\"\" class=\"wp-image-2633\" srcset=\"https:\/\/arimonblogi.fi\/wp-content\/uploads\/2025\/02\/Arnold-1938-Viljo-Pietinen-1024x674.jpg 1024w, https:\/\/arimonblogi.fi\/wp-content\/uploads\/2025\/02\/Arnold-1938-Viljo-Pietinen-300x198.jpg 300w, https:\/\/arimonblogi.fi\/wp-content\/uploads\/2025\/02\/Arnold-1938-Viljo-Pietinen-768x506.jpg 768w, https:\/\/arimonblogi.fi\/wp-content\/uploads\/2025\/02\/Arnold-1938-Viljo-Pietinen.jpg 1200w\" sizes=\"auto, (max-width: 1024px) 100vw, 1024px\" \/><figcaption class=\"wp-element-caption\">Arnold Tilgmann vuonna 1938<\/figcaption><\/figure>\n\n\n\n<p>T\u00e4ss\u00e4 kuvassa on Arnold Tilgmann piirt\u00e4m\u00e4ss\u00e4. Viljo Pietinen on valokuvan ottanut vuonna 1938. Kuva on Museoviraston kokoelmista per\u00e4isin. <\/p>\n\n\n\n<figure class=\"wp-block-image size-large\"><img loading=\"lazy\" decoding=\"async\" width=\"1024\" height=\"674\" src=\"https:\/\/arimonblogi.fi\/wp-content\/uploads\/2025\/02\/AT-19420408-Kenttaposti-1024x674.jpg\" alt=\"\" class=\"wp-image-2634\" srcset=\"https:\/\/arimonblogi.fi\/wp-content\/uploads\/2025\/02\/AT-19420408-Kenttaposti-1024x674.jpg 1024w, https:\/\/arimonblogi.fi\/wp-content\/uploads\/2025\/02\/AT-19420408-Kenttaposti-300x197.jpg 300w, https:\/\/arimonblogi.fi\/wp-content\/uploads\/2025\/02\/AT-19420408-Kenttaposti-768x505.jpg 768w, https:\/\/arimonblogi.fi\/wp-content\/uploads\/2025\/02\/AT-19420408-Kenttaposti.jpg 1099w\" sizes=\"auto, (max-width: 1024px) 100vw, 1024px\" \/><figcaption class=\"wp-element-caption\">Kentt\u00e4postia 8.4.1942<\/figcaption><\/figure>\n\n\n\n<p>Suksilla sujuu eteneminen paremmin kuin syv\u00e4ss\u00e4 lumessa kahlaaminen. T\u00e4m\u00e4n kortin on saanut faktori Verner Vuorsalo Uuden Suomen toimitaloon Helsinkiin. Postikortti kuuluu Paletin Talvisotilas-sarjaan. L\u00e4hett\u00e4j\u00e4 on kersantti R. Jalo. <\/p>\n\n\n\n<figure class=\"wp-block-image size-large\"><img loading=\"lazy\" decoding=\"async\" width=\"670\" height=\"1024\" src=\"https:\/\/arimonblogi.fi\/wp-content\/uploads\/2025\/02\/Tilgmann-Arnold-19440724-Maija-ja-Kalle-5-670x1024.jpg\" alt=\"\" class=\"wp-image-2636\" srcset=\"https:\/\/arimonblogi.fi\/wp-content\/uploads\/2025\/02\/Tilgmann-Arnold-19440724-Maija-ja-Kalle-5-670x1024.jpg 670w, https:\/\/arimonblogi.fi\/wp-content\/uploads\/2025\/02\/Tilgmann-Arnold-19440724-Maija-ja-Kalle-5-196x300.jpg 196w, https:\/\/arimonblogi.fi\/wp-content\/uploads\/2025\/02\/Tilgmann-Arnold-19440724-Maija-ja-Kalle-5-768x1175.jpg 768w, https:\/\/arimonblogi.fi\/wp-content\/uploads\/2025\/02\/Tilgmann-Arnold-19440724-Maija-ja-Kalle-5.jpg 954w\" sizes=\"auto, (max-width: 670px) 100vw, 670px\" \/><figcaption class=\"wp-element-caption\">Sotilaskortti 24.7.1944<\/figcaption><\/figure>\n\n\n\n<p>Kentt\u00e4postia on tullut j\u00e4lleen. Kortin saaja on Rauhankadulta Helsingist\u00e4 nimen\u00e4 tutuksi nyt tullut Margaretha. T\u00e4m\u00e4 on jo h\u00e4nen nelj\u00e4s saatu kortti t\u00e4ss\u00e4 blogissa.  Postikortissa saamme n\u00e4hd\u00e4, ett\u00e4 Kallesta on tullut joukkueenjohtaja. H\u00e4nell\u00e4 on v\u00e4nrikin ruusuke kauluksessaan.<\/p>\n\n\n\n<figure class=\"wp-block-image size-large\"><img loading=\"lazy\" decoding=\"async\" width=\"677\" height=\"1024\" src=\"https:\/\/arimonblogi.fi\/wp-content\/uploads\/2025\/02\/Tilgmann-Arnold-19411216-Sotilasjoulu-677x1024.jpg\" alt=\"\" class=\"wp-image-2637\" srcset=\"https:\/\/arimonblogi.fi\/wp-content\/uploads\/2025\/02\/Tilgmann-Arnold-19411216-Sotilasjoulu-677x1024.jpg 677w, https:\/\/arimonblogi.fi\/wp-content\/uploads\/2025\/02\/Tilgmann-Arnold-19411216-Sotilasjoulu-198x300.jpg 198w, https:\/\/arimonblogi.fi\/wp-content\/uploads\/2025\/02\/Tilgmann-Arnold-19411216-Sotilasjoulu-768x1161.jpg 768w, https:\/\/arimonblogi.fi\/wp-content\/uploads\/2025\/02\/Tilgmann-Arnold-19411216-Sotilasjoulu-1016x1536.jpg 1016w, https:\/\/arimonblogi.fi\/wp-content\/uploads\/2025\/02\/Tilgmann-Arnold-19411216-Sotilasjoulu.jpg 1017w\" sizes=\"auto, (max-width: 677px) 100vw, 677px\" \/><figcaption class=\"wp-element-caption\">Sotilasjoulu-sarjaa<\/figcaption><\/figure>\n\n\n\n<p>Reservin sotamies Karl M. Stenroos on saanut kentt\u00e4postia Jokelan Osuuskaupalta Pirkko Heinoselta sek\u00e4 \u00e4idilt\u00e4 ja is\u00e4lt\u00e4 16.12.1941. <\/p>\n\n\n\n<figure class=\"wp-block-image size-large\"><img loading=\"lazy\" decoding=\"async\" width=\"1024\" height=\"682\" src=\"https:\/\/arimonblogi.fi\/wp-content\/uploads\/2025\/02\/AT-19430402-Kenttaposti-1024x682.jpg\" alt=\"\" class=\"wp-image-2638\" srcset=\"https:\/\/arimonblogi.fi\/wp-content\/uploads\/2025\/02\/AT-19430402-Kenttaposti-1024x682.jpg 1024w, https:\/\/arimonblogi.fi\/wp-content\/uploads\/2025\/02\/AT-19430402-Kenttaposti-300x200.jpg 300w, https:\/\/arimonblogi.fi\/wp-content\/uploads\/2025\/02\/AT-19430402-Kenttaposti-768x512.jpg 768w, https:\/\/arimonblogi.fi\/wp-content\/uploads\/2025\/02\/AT-19430402-Kenttaposti.jpg 1313w\" sizes=\"auto, (max-width: 1024px) 100vw, 1024px\" \/><figcaption class=\"wp-element-caption\">Talvisotilas 2.4.1943<\/figcaption><\/figure>\n\n\n\n<p>Nokkela sotamies on saanut vetoapua. Neiti Tytti Kannisto on saanut t\u00e4m\u00e4n Paletin painaman Talvisotilas-kortin Tehtaankadulle Helsinkiin. Stig kirjoittaa kovasti ajatelleensa rakasta Tytti\u00e4.<\/p>\n\n\n\n<figure class=\"wp-block-image size-large\"><img loading=\"lazy\" decoding=\"async\" width=\"682\" height=\"1024\" src=\"https:\/\/arimonblogi.fi\/wp-content\/uploads\/2025\/02\/Tilgmann-Arnold-19411215-Sotilasjoulu-2-682x1024.jpg\" alt=\"Sotilasjoulukortti 15.12.1941\" class=\"wp-image-2640\" srcset=\"https:\/\/arimonblogi.fi\/wp-content\/uploads\/2025\/02\/Tilgmann-Arnold-19411215-Sotilasjoulu-2-682x1024.jpg 682w, https:\/\/arimonblogi.fi\/wp-content\/uploads\/2025\/02\/Tilgmann-Arnold-19411215-Sotilasjoulu-2-200x300.jpg 200w, https:\/\/arimonblogi.fi\/wp-content\/uploads\/2025\/02\/Tilgmann-Arnold-19411215-Sotilasjoulu-2-768x1153.jpg 768w, https:\/\/arimonblogi.fi\/wp-content\/uploads\/2025\/02\/Tilgmann-Arnold-19411215-Sotilasjoulu-2.jpg 948w\" sizes=\"auto, (max-width: 682px) 100vw, 682px\" \/><\/figure>\n\n\n\n<p>Neiti Ida J\u00e4\u00e4skel\u00e4inen on saanut kentt\u00e4postia Sofianlehtoon Havainto- ja vastaanottokotiin Helsingiss\u00e4. J\u00e4\u00e4k\u00e4ri Hannes Nieminen on h\u00e4nelle t\u00e4m\u00e4n kortin my\u00f6t\u00e4 toivottanut my\u00f6s hyv\u00e4\u00e4 uutta vuotta. <\/p>\n\n\n\n<p>T\u00e4ss\u00e4 olivat t\u00e4ll\u00e4 er\u00e4\u00e4 Arnold Tilgmannin piirt\u00e4m\u00e4t kortit.  N\u00e4it\u00e4 on tulossa jatkossa lis\u00e4\u00e4 muista aiheista.<\/p>\n\n\n\n<p>Laitan t\u00e4ss\u00e4 linkit edellisiin blogeihini t\u00e4ss\u00e4 Arimon blogi-pohjassa:<\/p>\n\n\n<ul class=\"wp-block-latest-posts__list wp-block-latest-posts\"><li><a class=\"wp-block-latest-posts__post-title\" href=\"https:\/\/arimonblogi.fi\/?p=3920\">Urheilullista toimintaa H\u00f6r\u00f6l\u00e4ss\u00e4<\/a><\/li>\n<li><a class=\"wp-block-latest-posts__post-title\" href=\"https:\/\/arimonblogi.fi\/?p=3899\">Syksyisi\u00e4 henkil\u00f6it\u00e4 H\u00f6r\u00f6l\u00e4st\u00e4 postikorteissa<\/a><\/li>\n<li><a class=\"wp-block-latest-posts__post-title\" href=\"https:\/\/arimonblogi.fi\/?p=3872\">Mikkelin tienoon kirkkoja postikorteissa toisen kerran<\/a><\/li>\n<li><a class=\"wp-block-latest-posts__post-title\" href=\"https:\/\/arimonblogi.fi\/?p=3854\">Esittelen Viipuria vanhoilla postikorteillani<\/a><\/li>\n<li><a class=\"wp-block-latest-posts__post-title\" href=\"https:\/\/arimonblogi.fi\/?p=3831\">Jyv\u00e4skyl\u00e4n kirkkojen esittely\u00e4 postikorteilla<\/a><\/li>\n<\/ul>\n\n\n<p>Voit k\u00e4yd\u00e4 kurkistamassa www.blogit.fi sivuilta muitakin Suomessa kirjoitettuja blogeja. Sielt\u00e4 l\u00f6ytyy laajasti kirjoituksia monilta eri alueilta. Mulla on viel\u00e4 <strong>Arimon blogi<\/strong>n lis\u00e4ksi kirjoitelmia nimill\u00e4 Mannari ja J\u00e4ken tallaaja. <strong>Mannari<\/strong>ssa l\u00f6ytyy Helsinki-aiheisia paikallishistoriaa k\u00e4sitt\u00e4vi\u00e4 kuvia, urheilua, kulttuuria ym. <strong>J\u00e4ken tallaajassa<\/strong> l\u00f6ytyy monilta eri aloilta artikkeleita, joihin en ole laittanut mainoksia. <\/p>\n\n\n\n<p class=\"has-vivid-cyan-blue-color has-text-color has-link-color wp-elements-4ecbdc315f1d98654f3c4e491fb63b87\"> <\/p>\n\n\n\n<p><\/p>\n","protected":false},"excerpt":{"rendered":"<p>Tuon nyt n\u00e4ytille sotilaskortteja kokoelmastani. N\u00e4iden piirt\u00e4j\u00e4 on monitoimimies Arnold Tilgmann. My\u00f6hemm\u00e4ss\u00e4 vaiheessa esittelen h\u00e4nen tuotantoaan lis\u00e4\u00e4 muiden alueiden piirroksilla. Erikoisesti joulu- ja p\u00e4\u00e4si\u00e4iskortteja minulla on runsaasti h\u00e4nen piirt\u00e4m\u00e4n\u00e4\u00e4n. Arnold Gotthard Tilgmann syntyi 12.9.1902 ja kuoli 18.1.1978. H\u00e4n syntyi Sveitsiss\u00e4. Is\u00e4 oli liikemies Herman Hildor Tilgmann ja \u00e4iti Alma Matilda Sj\u00f6blom. Arnold k\u00e4vi viisi luokkaa [&hellip;]<\/p>\n","protected":false},"author":1,"featured_media":0,"comment_status":"open","ping_status":"open","sticky":false,"template":"","format":"standard","meta":{"footnotes":""},"categories":[36,90,87],"tags":[25,26,19],"class_list":["post-2623","post","type-post","status-publish","format-standard","hentry","category-kaikki-aiheet","category-postikortit","category-sotahistoria","tag-kulttuuri","tag-postikortit","tag-sotahistoria"],"_links":{"self":[{"href":"https:\/\/arimonblogi.fi\/index.php?rest_route=\/wp\/v2\/posts\/2623","targetHints":{"allow":["GET"]}}],"collection":[{"href":"https:\/\/arimonblogi.fi\/index.php?rest_route=\/wp\/v2\/posts"}],"about":[{"href":"https:\/\/arimonblogi.fi\/index.php?rest_route=\/wp\/v2\/types\/post"}],"author":[{"embeddable":true,"href":"https:\/\/arimonblogi.fi\/index.php?rest_route=\/wp\/v2\/users\/1"}],"replies":[{"embeddable":true,"href":"https:\/\/arimonblogi.fi\/index.php?rest_route=%2Fwp%2Fv2%2Fcomments&post=2623"}],"version-history":[{"count":12,"href":"https:\/\/arimonblogi.fi\/index.php?rest_route=\/wp\/v2\/posts\/2623\/revisions"}],"predecessor-version":[{"id":4009,"href":"https:\/\/arimonblogi.fi\/index.php?rest_route=\/wp\/v2\/posts\/2623\/revisions\/4009"}],"wp:attachment":[{"href":"https:\/\/arimonblogi.fi\/index.php?rest_route=%2Fwp%2Fv2%2Fmedia&parent=2623"}],"wp:term":[{"taxonomy":"category","embeddable":true,"href":"https:\/\/arimonblogi.fi\/index.php?rest_route=%2Fwp%2Fv2%2Fcategories&post=2623"},{"taxonomy":"post_tag","embeddable":true,"href":"https:\/\/arimonblogi.fi\/index.php?rest_route=%2Fwp%2Fv2%2Ftags&post=2623"}],"curies":[{"name":"wp","href":"https:\/\/api.w.org\/{rel}","templated":true}]}}