{"id":3409,"date":"2025-07-04T11:22:56","date_gmt":"2025-07-04T11:22:56","guid":{"rendered":"https:\/\/arimonblogi.fi\/?p=3409"},"modified":"2025-12-16T04:04:23","modified_gmt":"2025-12-16T04:04:23","slug":"mikkelia-vanhoissa-talvisissa-valokuvissa","status":"publish","type":"post","link":"https:\/\/arimonblogi.fi\/?p=3409","title":{"rendered":"Mikkeli\u00e4 vanhoissa talvisissa valokuvissa"},"content":{"rendered":"\n<p>Nyt muistelen menneiden vuosien talvien lumia. Toivottavasti en saa tikulla silm\u00e4\u00e4n. Kyseess\u00e4 on lapsuus- ja nuoruusajan kotikaupunkini Mikkeli.  Sinne muutimme Ristiinasta 1960-luvun alkupuolella Vesitorninkadulle. Ehdin aloittaa nelj\u00e4nnen luokan kansakoulua Ristiinassa ja kuukauden j\u00e4lkeen muutimme Mikkeliin. Siell\u00e4 jatkoin Urpolan kansakoulussa vajaan vuoden, kunnes p\u00e4\u00e4sykokeiden j\u00e4lkeen sain kunnian aloittaa opinnot Mikkelin Lyseossa. <\/p>\n\n\n\n<figure class=\"wp-block-image size-full\"><img loading=\"lazy\" decoding=\"async\" width=\"640\" height=\"632\" src=\"https:\/\/arimonblogi.fi\/wp-content\/uploads\/2025\/07\/1.-Kaupungintalo.jpg\" alt=\"\" class=\"wp-image-3411\" srcset=\"https:\/\/arimonblogi.fi\/wp-content\/uploads\/2025\/07\/1.-Kaupungintalo.jpg 640w, https:\/\/arimonblogi.fi\/wp-content\/uploads\/2025\/07\/1.-Kaupungintalo-300x296.jpg 300w\" sizes=\"auto, (max-width: 640px) 100vw, 640px\" \/><figcaption class=\"wp-element-caption\">Kaupungintalo<\/figcaption><\/figure>\n\n\n\n<p>Osoitteessa Raatihuoneenkatu 8 on Mikkelin kaupungintalo. Volker von Bonin on t\u00e4m\u00e4n kuvan ottanut. Aikaa h\u00e4n ei ole laittanut tiedostoon, mutta veikkaan, ett\u00e4 kuva on 1970-luvulta. T\u00e4ss\u00e4 rakennuksessa olin t\u00f6iss\u00e4 1976-1977 syksyst\u00e4 syksyyn. V\u00e4lill\u00e4 olimme evakossa Maaherrankadulla kadun toisella puolella. Arkistonhoitajana toimi Terttu Honkanen, jonka alaisuudessa olin. Kaupunginjohtaja oli tuohon aikaan Eero Raunio ja sihteerin\u00e4 Juha Saarinen.<\/p>\n\n\n\n<p><strong> <\/strong><\/p>\n\n\n\n<figure class=\"wp-block-image size-large\"><img loading=\"lazy\" decoding=\"async\" width=\"1021\" height=\"1024\" src=\"https:\/\/arimonblogi.fi\/wp-content\/uploads\/2025\/07\/15-a.-Kivisakasti-1021x1024.jpg\" alt=\"\" class=\"wp-image-3412\" srcset=\"https:\/\/arimonblogi.fi\/wp-content\/uploads\/2025\/07\/15-a.-Kivisakasti-1021x1024.jpg 1021w, https:\/\/arimonblogi.fi\/wp-content\/uploads\/2025\/07\/15-a.-Kivisakasti-300x300.jpg 300w, https:\/\/arimonblogi.fi\/wp-content\/uploads\/2025\/07\/15-a.-Kivisakasti-150x150.jpg 150w, https:\/\/arimonblogi.fi\/wp-content\/uploads\/2025\/07\/15-a.-Kivisakasti-768x771.jpg 768w, https:\/\/arimonblogi.fi\/wp-content\/uploads\/2025\/07\/15-a.-Kivisakasti.jpg 1196w\" sizes=\"auto, (max-width: 1021px) 100vw, 1021px\" \/><figcaption class=\"wp-element-caption\">Kivisakasti<\/figcaption><\/figure>\n\n\n\n<p>Mikkelin Kivisakastia Porrassalmenkadulla on kuvannut vuosien 1982-1983 v\u00e4lisen\u00e4 aikana Teuvo Kanerva. Kuva on Museovirastosta. Kivisakasti on yksi Savon vanhimmista rakennuksista. Se on 1320-luvulla rakennetun Savilahden kirkon sakasti-osa. T\u00e4m\u00e4n rakennuksen sijainti oli l\u00e4hell\u00e4 kouluani Mikkelin lyseota. Noin kymmenen vuotta aikaisemmin kuin t\u00e4m\u00e4 valokuva on otettu, niin isommat pojat luokaltani k\u00e4viv\u00e4t aina tupakalla t\u00e4m\u00e4n historiallisen rakennuksen liepeill\u00e4. Olin kerran mukana ja muistan sen viel\u00e4 selke\u00e4sti. Yksi luokkakaverini ei itse polttanut, mutta h\u00e4n halusi kertoa, mit\u00e4 eroa oli Nixonin ja Makarioksen tupakanpoltolla. H\u00e4n oli n\u00e4hnyt sen, kenell\u00e4 oli kaikkein vajain aski ja h\u00e4n kertoi sen tarinan h\u00e4nen tupakoillaan. Sitten h\u00e4n otti tupakan ja kertoi, miten Makarios poltti. H\u00e4n irroitti siit\u00e4 filtterin ja kertoi, jotta Makarios ei sellaista tarvitse. Sitten h\u00e4n otti toisen tupakan ja katkaisi sen moneen osaan. H\u00e4n kertoi sitten, ett\u00e4  Nixon ei polta ollenkaan. Varmasti tarinan kertoja oli miettinyt t\u00e4t\u00e4 juttua koko edellisen y\u00f6n, koska h\u00e4n oli osannut siihen varautua hyvin. H\u00e4n ojensi t\u00e4yden Marlboro-askin sille, jolta oli kaksi tupakkaa vaurioittanut. (Voin paljastaa, ett\u00e4 h\u00e4n oli kauppiaan poika, kuten min\u00e4kin.)<\/p>\n\n\n\n<figure class=\"wp-block-image size-full\"><img loading=\"lazy\" decoding=\"async\" width=\"640\" height=\"634\" src=\"https:\/\/arimonblogi.fi\/wp-content\/uploads\/2025\/07\/2.-Talvinen-tori-1964.jpg\" alt=\"\" class=\"wp-image-3414\" srcset=\"https:\/\/arimonblogi.fi\/wp-content\/uploads\/2025\/07\/2.-Talvinen-tori-1964.jpg 640w, https:\/\/arimonblogi.fi\/wp-content\/uploads\/2025\/07\/2.-Talvinen-tori-1964-300x297.jpg 300w, https:\/\/arimonblogi.fi\/wp-content\/uploads\/2025\/07\/2.-Talvinen-tori-1964-150x150.jpg 150w\" sizes=\"auto, (max-width: 640px) 100vw, 640px\" \/><figcaption class=\"wp-element-caption\">Talvinen Hallitustori vuonna 1964<\/figcaption><\/figure>\n\n\n\n<p>Pakkasp\u00e4iv\u00e4 on meneill\u00e4\u00e4n talvella 1964. Uuskuva on t\u00e4m\u00e4n n\u00e4kym\u00e4n ikuistanut Mikkelin torilta. Hevosajoneuvoliikennett\u00e4 on ollut viel\u00e4 Maaherrankadulla kyseiseen aikaan. V\u00e4h\u00e4n on ollut viel\u00e4 asiakkaita. <\/p>\n\n\n\n<figure class=\"wp-block-image size-full\"><img loading=\"lazy\" decoding=\"async\" width=\"640\" height=\"637\" src=\"https:\/\/arimonblogi.fi\/wp-content\/uploads\/2025\/07\/16.-Tornimaki.jpg\" alt=\"\" class=\"wp-image-3415\" srcset=\"https:\/\/arimonblogi.fi\/wp-content\/uploads\/2025\/07\/16.-Tornimaki.jpg 640w, https:\/\/arimonblogi.fi\/wp-content\/uploads\/2025\/07\/16.-Tornimaki-300x300.jpg 300w, https:\/\/arimonblogi.fi\/wp-content\/uploads\/2025\/07\/16.-Tornimaki-150x150.jpg 150w\" sizes=\"auto, (max-width: 640px) 100vw, 640px\" \/><figcaption class=\"wp-element-caption\">Tornim\u00e4ki<\/figcaption><\/figure>\n\n\n\n<p>Puhdasta ja valkeaa lunta on my\u00f6s Tornim\u00e4ell\u00e4 hissill\u00e4 yl\u00f6s ment\u00e4ess\u00e4. Kuvan on ottanut 1970-luvulla Volker von Bonin. Kuva on Museoviraston kokoelmista. Itse tykk\u00e4sin enemm\u00e4n hiihdell\u00e4 Kalevankankaalla tavallisilla murtomaasuksilla. Pariin otteeseen otin osaa my\u00f6s Jousihiihtoon, jossa matkat olivat 30 ja 50 km. Tallessa on kunniakirja ainakin tuolta lyhyemm\u00e4lt\u00e4 matkalta. M\u00e4ntyniemi oli matkan varrella hyv\u00e4 mehun juonti etappi. Naapurini Siekkil\u00e4st\u00e4, Sihvolan Jukka, oli innokas k\u00e4ym\u00e4\u00e4n t\u00e4\u00e4ll\u00e4 Tornim\u00e4ell\u00e4 laskettelemassa. <\/p>\n\n\n\n<figure class=\"wp-block-image size-full\"><img loading=\"lazy\" decoding=\"async\" width=\"520\" height=\"516\" src=\"https:\/\/arimonblogi.fi\/wp-content\/uploads\/2025\/07\/artsiravis.jpg\" alt=\"\" class=\"wp-image-3417\" srcset=\"https:\/\/arimonblogi.fi\/wp-content\/uploads\/2025\/07\/artsiravis.jpg 520w, https:\/\/arimonblogi.fi\/wp-content\/uploads\/2025\/07\/artsiravis-300x298.jpg 300w, https:\/\/arimonblogi.fi\/wp-content\/uploads\/2025\/07\/artsiravis-150x150.jpg 150w\" sizes=\"auto, (max-width: 520px) 100vw, 520px\" \/><figcaption class=\"wp-element-caption\">Mikkelin Raviradan maisemissa<\/figcaption><\/figure>\n\n\n\n<p>Taitaapi olla vuosi 1971 tai 1972, kun olen itse ollut puhtaan lumen \u00e4\u00e4rell\u00e4 Raviradalla.  Tienoo on paljon muuttunut t\u00e4lt\u00e4 ajalta.<\/p>\n\n\n\n<figure class=\"wp-block-image size-full\"><img loading=\"lazy\" decoding=\"async\" width=\"640\" height=\"635\" src=\"https:\/\/arimonblogi.fi\/wp-content\/uploads\/2025\/07\/4.-Vuorikatua-1960-luku.jpg\" alt=\"\" class=\"wp-image-3418\" srcset=\"https:\/\/arimonblogi.fi\/wp-content\/uploads\/2025\/07\/4.-Vuorikatua-1960-luku.jpg 640w, https:\/\/arimonblogi.fi\/wp-content\/uploads\/2025\/07\/4.-Vuorikatua-1960-luku-300x298.jpg 300w, https:\/\/arimonblogi.fi\/wp-content\/uploads\/2025\/07\/4.-Vuorikatua-1960-luku-150x150.jpg 150w\" sizes=\"auto, (max-width: 640px) 100vw, 640px\" \/><figcaption class=\"wp-element-caption\">Vuorikatua 1960-luvulla<\/figcaption><\/figure>\n\n\n\n<p>Vuorikatua 1960-luvulla on kuvannut Uuskuva. T\u00e4ss\u00e4 olemme kuvan my\u00f6t\u00e4 osoitteessa Vuorikatu 7 ja 9. Toiseen suuntaan kulkee Savilahdenkatu. Taustalla on jyhke\u00e4n\u00e4 paikallaan Mikkelin maamerkki Naisvuori. Kuvan ottajasta viel\u00e4 sen verran, ett\u00e4 Uuskuva syntyi, kun Uuden Suomen kuvaosastoa uudistettiin vuonna 1958. My\u00f6hemmin Uuskuva irtautui Uudesta Suomesta. Heid\u00e4n studio sijaitsi Kruununhaassa Helsingiss\u00e4 ja toiminta jatkui 1980-luvun lopulle.<\/p>\n\n\n\n<figure class=\"wp-block-image size-full\"><img loading=\"lazy\" decoding=\"async\" width=\"640\" height=\"633\" src=\"https:\/\/arimonblogi.fi\/wp-content\/uploads\/2025\/07\/3.-Puutaloja-Mikkelissa.jpg\" alt=\"\" class=\"wp-image-3419\" srcset=\"https:\/\/arimonblogi.fi\/wp-content\/uploads\/2025\/07\/3.-Puutaloja-Mikkelissa.jpg 640w, https:\/\/arimonblogi.fi\/wp-content\/uploads\/2025\/07\/3.-Puutaloja-Mikkelissa-300x297.jpg 300w\" sizes=\"auto, (max-width: 640px) 100vw, 640px\" \/><figcaption class=\"wp-element-caption\">Puutaloja Mikkeliss\u00e4<\/figcaption><\/figure>\n\n\n\n<p>Pylkk\u00e4sten talo Emolassa on t\u00e4ss\u00e4 talvisessa valokuvassa. Kuva on Museoviraston kokoelmista ja se on otettu vuonna 1964. Ennen oli ruoho vihre\u00e4mp\u00e4\u00e4 kes\u00e4ll\u00e4 ja lumi valkeampaa talvella kuin nykyisin. Sirkatkin soitti salolla, muttei ne en\u00e4\u00e4 pahemmin. Kyseinen talvi on  j\u00e4\u00e4nyt mieleen talviolympialaisten osalta. Ne pidettiin Seefeldiss\u00e4 Innsbruckissa. Mister Seefeldiksi valittiin Eero M\u00e4ntyranta. H\u00e4n hiihti erinomaisesti. Hyvin siell\u00e4 p\u00e4rj\u00e4si m\u00e4kihypyss\u00e4kin Veikko Kankkonen. Sain my\u00f6hemmin Vikilt\u00e4 ja Bj\u00f6rn Wirkolalta nimikirjoitukset m\u00e4kihyppykisoista Hiihtom\u00e4elt\u00e4. Ne ovat johonkin kadonneet.<\/p>\n\n\n\n<figure class=\"wp-block-image size-full\"><img loading=\"lazy\" decoding=\"async\" width=\"640\" height=\"634\" src=\"https:\/\/arimonblogi.fi\/wp-content\/uploads\/2025\/07\/12.-Talvista-Annikinkatua.jpg\" alt=\"\" class=\"wp-image-3420\" srcset=\"https:\/\/arimonblogi.fi\/wp-content\/uploads\/2025\/07\/12.-Talvista-Annikinkatua.jpg 640w, https:\/\/arimonblogi.fi\/wp-content\/uploads\/2025\/07\/12.-Talvista-Annikinkatua-300x297.jpg 300w, https:\/\/arimonblogi.fi\/wp-content\/uploads\/2025\/07\/12.-Talvista-Annikinkatua-150x150.jpg 150w\" sizes=\"auto, (max-width: 640px) 100vw, 640px\" \/><figcaption class=\"wp-element-caption\">Annikinkatua<\/figcaption><\/figure>\n\n\n\n<p>T\u00e4ss\u00e4 olemme kuvan kautta osoitteessa Annikinkatu 5 ja Porraskatu 2 alemman talon osalta. Kuvan on ottanut 1970-luvun taitteessa Volker von Bonin. Melko l\u00e4hell\u00e4 on H\u00e4nski, joka on Mikkelin j\u00e4\u00e4pallopyh\u00e4tt\u00f6 nykyisin. Kuva on Museoviraston kokoelmista. Pelikavereita MP:n junioriajoilta asui n\u00e4ill\u00e4 nurkilla Marttisen Raine ja Laitisen Veikko. Kerran tulimme pelimatkalta Kokkolasta y\u00f6ll\u00e4. Pelasimme sitten Veken kanssa pikku-Wembleyll\u00e4 maalista maaliin aamuun asti. Siin\u00e4 sai aina uuden vedon, jos yl\u00e4hirrest\u00e4, tolpasta tai torjunnasta pallo kimposi takaisin. Rainella olin kerran henkisen\u00e4 tukena Helsingin matkalla. K\u00e4vimme siell\u00e4 h\u00e4nen Volvo Amatsonilla. K\u00e4vimme Ranskan suurl\u00e4hetyst\u00f6ss\u00e4. Raipalla oli hirve\u00e4 hinku p\u00e4\u00e4st\u00e4 muukalaislegioonaan. En tied\u00e4 yksityiskohtia enemp\u00e4\u00e4, kun autossa odottelin.<\/p>\n\n\n\n<figure class=\"wp-block-image size-full\"><img loading=\"lazy\" decoding=\"async\" width=\"640\" height=\"638\" src=\"https:\/\/arimonblogi.fi\/wp-content\/uploads\/2025\/07\/5.-Vuorikatu-11-Natulinin-talo.jpg\" alt=\"\" class=\"wp-image-3421\" srcset=\"https:\/\/arimonblogi.fi\/wp-content\/uploads\/2025\/07\/5.-Vuorikatu-11-Natulinin-talo.jpg 640w, https:\/\/arimonblogi.fi\/wp-content\/uploads\/2025\/07\/5.-Vuorikatu-11-Natulinin-talo-300x300.jpg 300w, https:\/\/arimonblogi.fi\/wp-content\/uploads\/2025\/07\/5.-Vuorikatu-11-Natulinin-talo-150x150.jpg 150w\" sizes=\"auto, (max-width: 640px) 100vw, 640px\" \/><figcaption class=\"wp-element-caption\">Natulinin talo<\/figcaption><\/figure>\n\n\n\n<p>Uuskuva on ikuistanut n\u00e4kym\u00e4\u00e4 ns. Natulinin talosta osoitteessa Vuorikatu 11. Kaupunginpalvelija Anders Natulin rakennutti vuonna 1847 asuintalokseen yksikerroksisen empiretyylisen hirsitalon. Talo sai purkutuomion 1990-luvulla, mutta kotiseutuneuvos ristiinalainen Olli Kervinen pelasti sen. Rakennus purettiin ja siirrettiin Ristiinan vuosina 1990-1991. Siell\u00e4 se toimii vieh\u00e4tt\u00e4v\u00e4n\u00e4 kahvilarakennuksena Brahelinnan l\u00e4hell\u00e4. Siell\u00e4 l\u00e4hell\u00e4 on meill\u00e4 Fagerlundin sukuseuran kokous t\u00e4m\u00e4n kuukauden viimeisen\u00e4 lauantaina. Iso\u00e4itini is\u00e4n puolelta oli Maria Sofia omaa sukua Fagerlund. Isois\u00e4 oli August Manninen.<\/p>\n\n\n\n<figure class=\"wp-block-image size-full\"><img loading=\"lazy\" decoding=\"async\" width=\"640\" height=\"391\" src=\"https:\/\/arimonblogi.fi\/wp-content\/uploads\/2025\/07\/8.-Maaseurakunnan-kirkko.jpg\" alt=\"\" class=\"wp-image-3423\" srcset=\"https:\/\/arimonblogi.fi\/wp-content\/uploads\/2025\/07\/8.-Maaseurakunnan-kirkko.jpg 640w, https:\/\/arimonblogi.fi\/wp-content\/uploads\/2025\/07\/8.-Maaseurakunnan-kirkko-300x183.jpg 300w\" sizes=\"auto, (max-width: 640px) 100vw, 640px\" \/><figcaption class=\"wp-element-caption\">Maaseurakunnan kirkko<\/figcaption><\/figure>\n\n\n\n<p>Marja-Terttu Knapas on kuvannut Mikkelin maaseurakunnan kirkkoa vuonna 1981. Kuva on Museoviraston kokoelmista. Nykyisin on nimi Pit\u00e4j\u00e4n kirkko. Min\u00e4 kuuluin Mikkeliss\u00e4 asuessani Tuomikirkkoseurakunnan piiriin. Charles Bassi on t\u00e4m\u00e4n kirkon suunnitellut. Se valmistui vuonna 1817. Kellotapuli valmistui jo 1815 Matti Salosen johdolla. Istumapaikkoja kirkossa on noin 1900. Se on yksi suurimpia puukirkkoja Suomessa. Kerim\u00e4ki on ykk\u00f6nen. <\/p>\n\n\n\n<figure class=\"wp-block-image size-full\"><img loading=\"lazy\" decoding=\"async\" width=\"639\" height=\"640\" src=\"https:\/\/arimonblogi.fi\/wp-content\/uploads\/2025\/07\/14.-Hallituskatua-talviseen-aikaan.jpg\" alt=\"\" class=\"wp-image-3425\" srcset=\"https:\/\/arimonblogi.fi\/wp-content\/uploads\/2025\/07\/14.-Hallituskatua-talviseen-aikaan.jpg 639w, https:\/\/arimonblogi.fi\/wp-content\/uploads\/2025\/07\/14.-Hallituskatua-talviseen-aikaan-300x300.jpg 300w, https:\/\/arimonblogi.fi\/wp-content\/uploads\/2025\/07\/14.-Hallituskatua-talviseen-aikaan-150x150.jpg 150w\" sizes=\"auto, (max-width: 639px) 100vw, 639px\" \/><figcaption class=\"wp-element-caption\">Hallituskatua <\/figcaption><\/figure>\n\n\n\n<p>Teuvo Kanerva on kuvannut Mikkelin ydinkeskustassa Hallituskatua vuosien 1975-1980 v\u00e4lisen\u00e4 aikana. Kuva on Museoviraston kokoelmista per\u00e4isin. 1970-luvun alussa tyt\u00f6t kierteliv\u00e4t oikealla puolella olevaa korttelia jalan ja me pojat autoilla. Kerran muistan, kun er\u00e4s poliisi pys\u00e4ytti siviilit p\u00e4\u00e4ll\u00e4 Kamisen Jeren ja minut kysellen, jotta p\u00e4\u00e4seek\u00f6 h\u00e4n seuraavalle kierrokselle kyytiin. <\/p>\n\n\n\n<p>T\u00e4ss\u00e4 on t\u00e4ll\u00e4 er\u00e4\u00e4 vanhojen asioiden muisteleminen kuvien kautta. Jatkan n\u00e4it\u00e4 Mikkelin kuvia j\u00e4lleen uudestaan my\u00f6hemmin.<\/p>\n\n\n\n<p>Laitan seuraavaksi linkin, joista p\u00e4\u00e4see katsomaan edellisi\u00e4 kuvapainotteisia blogejani. Ne ovat viime aikoina olleet paljolti postikortteihin liittyvi\u00e4. Se harrastus iski p\u00e4\u00e4lle ollen passiivisena jonkin aikaa taustalla.<\/p>\n\n\n<ul class=\"wp-block-latest-posts__list wp-block-latest-posts\"><li><a class=\"wp-block-latest-posts__post-title\" href=\"https:\/\/arimonblogi.fi\/?p=3920\">Urheilullista toimintaa H\u00f6r\u00f6l\u00e4ss\u00e4<\/a><\/li>\n<li><a class=\"wp-block-latest-posts__post-title\" href=\"https:\/\/arimonblogi.fi\/?p=3899\">Syksyisi\u00e4 henkil\u00f6it\u00e4 H\u00f6r\u00f6l\u00e4st\u00e4 postikorteissa<\/a><\/li>\n<li><a class=\"wp-block-latest-posts__post-title\" href=\"https:\/\/arimonblogi.fi\/?p=3872\">Mikkelin tienoon kirkkoja postikorteissa toisen kerran<\/a><\/li>\n<li><a class=\"wp-block-latest-posts__post-title\" href=\"https:\/\/arimonblogi.fi\/?p=3854\">Esittelen Viipuria vanhoilla postikorteillani<\/a><\/li>\n<li><a class=\"wp-block-latest-posts__post-title\" href=\"https:\/\/arimonblogi.fi\/?p=3831\">Jyv\u00e4skyl\u00e4n kirkkojen esittely\u00e4 postikorteilla<\/a><\/li>\n<\/ul>\n\n\n<p class=\"has-vivid-purple-color has-text-color has-link-color wp-elements-83b3a329daacb7b2dda88b48ba3bb8e3\"><strong> <\/strong><\/p>\n\n\n\n<p class=\"has-vivid-cyan-blue-color has-text-color has-link-color wp-elements-bee5cf33c7d5ddfc3bb9b00be008bd89\"><strong> <\/strong><\/p>\n\n\n\n<p class=\"has-vivid-cyan-blue-color has-text-color has-link-color wp-elements-bee5cf33c7d5ddfc3bb9b00be008bd89\"><strong> <\/strong><\/p>\n\n\n\n<p><\/p>\n","protected":false},"excerpt":{"rendered":"<p>Nyt muistelen menneiden vuosien talvien lumia. Toivottavasti en saa tikulla silm\u00e4\u00e4n. Kyseess\u00e4 on lapsuus- ja nuoruusajan kotikaupunkini Mikkeli. Sinne muutimme Ristiinasta 1960-luvun alkupuolella Vesitorninkadulle. Ehdin aloittaa nelj\u00e4nnen luokan kansakoulua Ristiinassa ja kuukauden j\u00e4lkeen muutimme Mikkeliin. Siell\u00e4 jatkoin Urpolan kansakoulussa vajaan vuoden, kunnes p\u00e4\u00e4sykokeiden j\u00e4lkeen sain kunnian aloittaa opinnot Mikkelin Lyseossa. Osoitteessa Raatihuoneenkatu 8 on Mikkelin [&hellip;]<\/p>\n","protected":false},"author":1,"featured_media":0,"comment_status":"open","ping_status":"open","sticky":false,"template":"","format":"standard","meta":{"footnotes":""},"categories":[36,81,57],"tags":[17,22,43],"class_list":["post-3409","post","type-post","status-publish","format-standard","hentry","category-kaikki-aiheet","category-mikkeli","category-paikallishistoria","tag-mikkeli","tag-paikallishistoria","tag-vanhat-valokuvat"],"_links":{"self":[{"href":"https:\/\/arimonblogi.fi\/index.php?rest_route=\/wp\/v2\/posts\/3409","targetHints":{"allow":["GET"]}}],"collection":[{"href":"https:\/\/arimonblogi.fi\/index.php?rest_route=\/wp\/v2\/posts"}],"about":[{"href":"https:\/\/arimonblogi.fi\/index.php?rest_route=\/wp\/v2\/types\/post"}],"author":[{"embeddable":true,"href":"https:\/\/arimonblogi.fi\/index.php?rest_route=\/wp\/v2\/users\/1"}],"replies":[{"embeddable":true,"href":"https:\/\/arimonblogi.fi\/index.php?rest_route=%2Fwp%2Fv2%2Fcomments&post=3409"}],"version-history":[{"count":16,"href":"https:\/\/arimonblogi.fi\/index.php?rest_route=\/wp\/v2\/posts\/3409\/revisions"}],"predecessor-version":[{"id":3980,"href":"https:\/\/arimonblogi.fi\/index.php?rest_route=\/wp\/v2\/posts\/3409\/revisions\/3980"}],"wp:attachment":[{"href":"https:\/\/arimonblogi.fi\/index.php?rest_route=%2Fwp%2Fv2%2Fmedia&parent=3409"}],"wp:term":[{"taxonomy":"category","embeddable":true,"href":"https:\/\/arimonblogi.fi\/index.php?rest_route=%2Fwp%2Fv2%2Fcategories&post=3409"},{"taxonomy":"post_tag","embeddable":true,"href":"https:\/\/arimonblogi.fi\/index.php?rest_route=%2Fwp%2Fv2%2Ftags&post=3409"}],"curies":[{"name":"wp","href":"https:\/\/api.w.org\/{rel}","templated":true}]}}