{"id":384,"date":"2023-03-08T13:44:30","date_gmt":"2023-03-08T13:44:30","guid":{"rendered":"https:\/\/arimonblogi.fi\/?p=384"},"modified":"2025-12-16T14:51:55","modified_gmt":"2025-12-16T14:51:55","slug":"nuoruuteni-ajan-mikkelia-kuvissa","status":"publish","type":"post","link":"https:\/\/arimonblogi.fi\/?p=384","title":{"rendered":"Nuoruuteni ajan Mikkeli\u00e4 kuvissa"},"content":{"rendered":"\n<p>Kuukauden p\u00e4\u00e4st\u00e4 tulee kuluneeksi vuosi, kun aloin melko tosissani harjoittelemaan blogien kirjoittamista. Olen helpottanut sit\u00e4 niin, ett\u00e4 olen tehnyt niist\u00e4 kuvapainotteisia. Kouluaikaan ja joitakin vuosia my\u00f6s sen j\u00e4lkeen olin innokas kirjoittelija. Ylioppilasaine meni ensimm\u00e4isell\u00e4 kerralla pikkaisen pieleen omalta osaltani. Syksyll\u00e4 k\u00e4vin sitten uusimassa ja kirjoitin laudaturin. Muistan viel\u00e4 aineeni p\u00e4\u00e4piirteitt\u00e4in. Aihe oli &#8221;Joulukuun kuudes &#8211; kansallinen merkkip\u00e4iv\u00e4&#8221;.<\/p>\n\n\n\n<figure class=\"wp-block-image size-full is-resized\"><img loading=\"lazy\" decoding=\"async\" width=\"512\" height=\"356\" src=\"https:\/\/arimonblogi.fi\/wp-content\/uploads\/2023\/03\/Mikkelin-synnytyslaitos-1955.jpg\" alt=\"\" class=\"wp-image-385\" style=\"width:512px;height:356px\" srcset=\"https:\/\/arimonblogi.fi\/wp-content\/uploads\/2023\/03\/Mikkelin-synnytyslaitos-1955.jpg 512w, https:\/\/arimonblogi.fi\/wp-content\/uploads\/2023\/03\/Mikkelin-synnytyslaitos-1955-300x209.jpg 300w\" sizes=\"auto, (max-width: 512px) 100vw, 512px\" \/><figcaption class=\"wp-element-caption\">Mikkelin synnytyslaitos<\/figcaption><\/figure>\n\n\n\n<p>Oheisen valokuvan Mikkelin synnytyslaitoksesta Otavankadun ja Anni Swaninkadun risteyksess\u00e4 on ottanut V\u00e4is\u00e4nen 9.5.1955. Kuva on Mikkelin kaupungin museoista per\u00e4isin. Tuolla min\u00e4kin k\u00e4vin syntym\u00e4ss\u00e4. Asuimme siihen aikaan Ristiinassa, noin 20 kilometri\u00e4 Lappeenrantaan p\u00e4in Mikkelist\u00e4.<\/p>\n\n\n\n<p><strong> <\/strong><\/p>\n\n\n\n<figure class=\"wp-block-image size-large is-resized\"><img loading=\"lazy\" decoding=\"async\" width=\"783\" height=\"1024\" src=\"https:\/\/arimonblogi.fi\/wp-content\/uploads\/2023\/03\/Savon-prikaatin-yu-kisat-urski-1961-783x1024.jpg\" alt=\"\" class=\"wp-image-393\" style=\"width:392px;height:512px\" srcset=\"https:\/\/arimonblogi.fi\/wp-content\/uploads\/2023\/03\/Savon-prikaatin-yu-kisat-urski-1961-783x1024.jpg 783w, https:\/\/arimonblogi.fi\/wp-content\/uploads\/2023\/03\/Savon-prikaatin-yu-kisat-urski-1961-229x300.jpg 229w, https:\/\/arimonblogi.fi\/wp-content\/uploads\/2023\/03\/Savon-prikaatin-yu-kisat-urski-1961-768x1004.jpg 768w, https:\/\/arimonblogi.fi\/wp-content\/uploads\/2023\/03\/Savon-prikaatin-yu-kisat-urski-1961.jpg 843w\" sizes=\"auto, (max-width: 783px) 100vw, 783px\" \/><figcaption class=\"wp-element-caption\">Savon Prikaatin yleisurheilukisat<\/figcaption><\/figure>\n\n\n\n<p>Savon Prikaatin yleisurheilumestaruuskilpailut pidettiin Mikkelin Urheilupuistossa kes\u00e4ll\u00e4 1961. Emme viel\u00e4 tuolloin asuneet Mikkeliss\u00e4, joten en ollut itse katsomassa. Kuvassa Savon Prikaatin komentaja, Mannerheim-ristin ritari no 47, eversti Jouko Hynninen k\u00e4ttelee velje\u00e4ni alokas Jorma Mannista, joka voitti 100 metrin mestaruuden.<\/p>\n\n\n\n<figure class=\"wp-block-image size-full\"><img loading=\"lazy\" decoding=\"async\" width=\"383\" height=\"512\" src=\"https:\/\/arimonblogi.fi\/wp-content\/uploads\/2023\/03\/Vesitorninkatu-Salmela-1960-luku.jpg\" alt=\"\" class=\"wp-image-386\" srcset=\"https:\/\/arimonblogi.fi\/wp-content\/uploads\/2023\/03\/Vesitorninkatu-Salmela-1960-luku.jpg 383w, https:\/\/arimonblogi.fi\/wp-content\/uploads\/2023\/03\/Vesitorninkatu-Salmela-1960-luku-224x300.jpg 224w\" sizes=\"auto, (max-width: 383px) 100vw, 383px\" \/><figcaption class=\"wp-element-caption\">Vesitorninkatua 1960-luvulla<\/figcaption><\/figure>\n\n\n\n<p>Erkki Salmelan ottamassa kuvassa on Vesitorninkatua 1960-luvulla. Takana keskell\u00e4 seisoo ylv\u00e4\u00e4n\u00e4 Vesitorni eli Veskari, joksi me kaikki sit\u00e4 kutsuttiin. Me muutimme t\u00e4lle kadulle Ristiinasta vuonna 1963 lokakuun alussa. Osoite oli Vesitorninkatu 15. Se oli viimeisin asuintalo oikealla puolella ennen P\u00f6ll\u00e4sen kauppaa.<\/p>\n\n\n\n<figure class=\"wp-block-image size-full\"><img loading=\"lazy\" decoding=\"async\" width=\"512\" height=\"332\" src=\"https:\/\/arimonblogi.fi\/wp-content\/uploads\/2023\/03\/kiiskinmaenkatua-hkm.jpg\" alt=\"\" class=\"wp-image-387\" srcset=\"https:\/\/arimonblogi.fi\/wp-content\/uploads\/2023\/03\/kiiskinmaenkatua-hkm.jpg 512w, https:\/\/arimonblogi.fi\/wp-content\/uploads\/2023\/03\/kiiskinmaenkatua-hkm-300x195.jpg 300w\" sizes=\"auto, (max-width: 512px) 100vw, 512px\" \/><figcaption class=\"wp-element-caption\">Kiiskinm\u00e4enkatua<\/figcaption><\/figure>\n\n\n\n<p>T\u00e4ss\u00e4 on kotikatuni Vesitorninkadun suuntainen vierell\u00e4 kulkeva omakotitaloja k\u00e4sitt\u00e4v\u00e4 Kiiskinm\u00e4enkatu. T\u00e4ll\u00e4 kadulla asuivat Aallot, Vihavaiset, Kamiset, Tullat, Kuituset, Hujaset ja Tiaiset. Facebookista on sen verran hy\u00f6ty\u00e4 ollut, ett\u00e4 sen kautta olen saanut aika moneen kaveriin yhteytt\u00e4 sit\u00e4 kautta monien vuosikymmenten j\u00e4lkeen. Arto Tiaisella oli t\u00e4ll\u00e4 kadulla Mikkelin ensimm\u00e4inen kuntosali uima-altaineen. Siell\u00e4 minullakin oli tilaisuus k\u00e4yd\u00e4 joitakin kertoja Mikkelin Palloilijoiden jalkapallojunioreissa pelatessani.<\/p>\n\n\n\n<figure class=\"wp-block-image size-full\"><img loading=\"lazy\" decoding=\"async\" width=\"377\" height=\"512\" src=\"https:\/\/arimonblogi.fi\/wp-content\/uploads\/2023\/03\/Mikkelin-vesitorni.jpg\" alt=\"\" class=\"wp-image-396\" srcset=\"https:\/\/arimonblogi.fi\/wp-content\/uploads\/2023\/03\/Mikkelin-vesitorni.jpg 377w, https:\/\/arimonblogi.fi\/wp-content\/uploads\/2023\/03\/Mikkelin-vesitorni-221x300.jpg 221w\" sizes=\"auto, (max-width: 377px) 100vw, 377px\" \/><figcaption class=\"wp-element-caption\">Mikkelin vesitorni<\/figcaption><\/figure>\n\n\n\n<p>T\u00e4ss\u00e4 on l\u00e4hikuvaa Mikkelin vesitornista. Kuva on otettu vuonna 1956. Vajaa kymmenen vuotta t\u00e4st\u00e4 hetkest\u00e4 me kavereiden kanssa leikittiin jousipyssyin ja puissa kiipe\u00e4misineen t\u00e4ss\u00e4 ymp\u00e4rist\u00f6ss\u00e4. Useimmiten kuitenkin pelasimme jalkapalloa jossakin. Veskarilta ja Kiiskinm\u00e4elt\u00e4 on monta MP:n ja Pallo-Kissojen pelimiest\u00e4 l\u00e4ht\u00f6isin aina edustusjoukkueita my\u00f6ten.<\/p>\n\n\n\n<figure class=\"wp-block-image size-full\"><img loading=\"lazy\" decoding=\"async\" width=\"512\" height=\"357\" src=\"https:\/\/arimonblogi.fi\/wp-content\/uploads\/2023\/03\/Toivakan-kauppa-Nuijamiestenkatu.jpg\" alt=\"\" class=\"wp-image-389\" srcset=\"https:\/\/arimonblogi.fi\/wp-content\/uploads\/2023\/03\/Toivakan-kauppa-Nuijamiestenkatu.jpg 512w, https:\/\/arimonblogi.fi\/wp-content\/uploads\/2023\/03\/Toivakan-kauppa-Nuijamiestenkatu-300x209.jpg 300w\" sizes=\"auto, (max-width: 512px) 100vw, 512px\" \/><figcaption class=\"wp-element-caption\">Nuijamiestenkatua 1960-luvulla<\/figcaption><\/figure>\n\n\n\n<p>Kun muutimme Ristiinasta Mikkeliin, niin \u00e4itini p\u00e4\u00e4si Nuijamiestenkadun A. Toivakan liikkeeseen t\u00f6ihin. H\u00e4n oli siell\u00e4 useita vuosia. Myym\u00e4l\u00e4kokemusta h\u00e4n oli saanut Ristiinassa, sill\u00e4 is\u00e4ni oli sekatavarakauppias ja \u00e4itini toimi my\u00f6s omassa kaupassamme myyj\u00e4tt\u00e4ren\u00e4. Is\u00e4ni kuoli vuonna 1961 suhteellisen nuorena ja sairasteltuaan jo pitemm\u00e4n aikaa. Valokuva on Mikkelin kaupungin museoista.<\/p>\n\n\n\n<figure class=\"wp-block-image size-large\"><img loading=\"lazy\" decoding=\"async\" width=\"1024\" height=\"707\" src=\"https:\/\/arimonblogi.fi\/wp-content\/uploads\/2023\/03\/urpolan-4-lk-1024x707.jpg\" alt=\"\" class=\"wp-image-390\" srcset=\"https:\/\/arimonblogi.fi\/wp-content\/uploads\/2023\/03\/urpolan-4-lk-1024x707.jpg 1024w, https:\/\/arimonblogi.fi\/wp-content\/uploads\/2023\/03\/urpolan-4-lk-300x207.jpg 300w, https:\/\/arimonblogi.fi\/wp-content\/uploads\/2023\/03\/urpolan-4-lk-768x530.jpg 768w, https:\/\/arimonblogi.fi\/wp-content\/uploads\/2023\/03\/urpolan-4-lk.jpg 1182w\" sizes=\"auto, (max-width: 1024px) 100vw, 1024px\" \/><figcaption class=\"wp-element-caption\">Urpolan kansakoulussa<\/figcaption><\/figure>\n\n\n\n<p>T\u00e4ss\u00e4 on kuvaa Urpolan kansakoulusta nelj\u00e4nnelt\u00e4 luokalta, jonka aloitin syksyll\u00e4 1963. Opettajamme on aivan keskell\u00e4. H\u00e4n on Helmi Voittis nimelt\u00e4\u00e4n. Joitakin vuosia sitten n\u00e4in lehdest\u00e4 h\u00e4nen kuolinilmoituksensa ja h\u00e4n ehti el\u00e4\u00e4 l\u00e4hes satavuotiaaksi. Muutamia n\u00e4ist\u00e4 luokkakavereistani olen n\u00e4hnyt n\u00e4iden vuosikymmenien j\u00e4lkeenkin. Markku K\u00e4\u00e4ri\u00e4inen on takariviss\u00e4 kolmas vasemmalta. K\u00e4vin reilu vuosi sitten katsomassa Helsingiss\u00e4 salibandymatseja, joissa Markku pelasi veljeni Ilkan kanssa samassa joukkueessa. Oli ilo tavata ja jutella pitk\u00e4st\u00e4 aikaa. H\u00e4nen kanssa pelasimme kaikki ik\u00e4luokat MP:n junioreissa samaan aikaan. Tapani Liukkonen on nelj\u00e4s oikealta toisessa riviss\u00e4 takaa p\u00e4in laskettuna. H\u00e4net tapasin my\u00f6s muutamia vuosia sitten harvinaisissa juhlissa. Olimme 120-vuotissyntt\u00e4reill\u00e4 Urpolan kartanossa. Veljeni Ilkka vietti vaimonsa Virpin kanssa syntt\u00e4reit\u00e4 samaan aikaan. Eturiviss\u00e4 toinen tytt\u00f6 vasemmalta on sisareni Arja ja olemme me nykyisin keskim\u00e4\u00e4rin kerran vuodessa n\u00e4hneet. H\u00e4n on asunut kauan aikaa Norjassa. <\/p>\n\n\n\n<figure class=\"wp-block-image size-full\"><img loading=\"lazy\" decoding=\"async\" width=\"512\" height=\"332\" src=\"https:\/\/arimonblogi.fi\/wp-content\/uploads\/2023\/03\/Ilmarisen-kentta.jpg\" alt=\"\" class=\"wp-image-391\" srcset=\"https:\/\/arimonblogi.fi\/wp-content\/uploads\/2023\/03\/Ilmarisen-kentta.jpg 512w, https:\/\/arimonblogi.fi\/wp-content\/uploads\/2023\/03\/Ilmarisen-kentta-300x195.jpg 300w\" sizes=\"auto, (max-width: 512px) 100vw, 512px\" \/><figcaption class=\"wp-element-caption\">Ilmarisen kentt\u00e4<\/figcaption><\/figure>\n\n\n\n<p>Kuva Ilmarisenkent\u00e4n kaukalosta on vuodelta 1956 tai 1957. Taustalla h\u00e4\u00e4m\u00f6tt\u00e4\u00e4 vesitorni, jonka l\u00e4hell\u00e4 me asuimme. T\u00e4\u00e4ll\u00e4 vietimme usein aikaamme. Muistan pukukopin l\u00e4mm\u00f6n ja tuoksun. Kuva on Mikkelin kaupungin museoista.<\/p>\n\n\n\n<figure class=\"wp-block-image size-full\"><img loading=\"lazy\" decoding=\"async\" width=\"512\" height=\"382\" src=\"https:\/\/arimonblogi.fi\/wp-content\/uploads\/2023\/03\/Urheilupuisto-ymparistoineen-1964.jpg\" alt=\"\" class=\"wp-image-392\" srcset=\"https:\/\/arimonblogi.fi\/wp-content\/uploads\/2023\/03\/Urheilupuisto-ymparistoineen-1964.jpg 512w, https:\/\/arimonblogi.fi\/wp-content\/uploads\/2023\/03\/Urheilupuisto-ymparistoineen-1964-300x224.jpg 300w\" sizes=\"auto, (max-width: 512px) 100vw, 512px\" \/><figcaption class=\"wp-element-caption\">Urheilupuistoa ymp\u00e4rist\u00f6ineen<\/figcaption><\/figure>\n\n\n\n<p>Veikko Salmela on kuvannut Mikkelin Urheilupuistoa ymp\u00e4rist\u00f6ineen vuonna 1964. Tuolta kes\u00e4lt\u00e4 muistan, ett\u00e4 Pauli Nevala voitti olympiakultaa keih\u00e4\u00e4ss\u00e4 Tokion kisoissa. Itse aloitin opintoni Mikkelin lyseossa selviydytty\u00e4ni ensin oppikoulun p\u00e4\u00e4sykokeista, joita tuohon aikaan oli. Lyseon aloitin 1.9.1964. Urskissa vietimme monia kesi\u00e4 p\u00e4iv\u00e4ll\u00e4 poikakerhon puitteissa. Muistan ohjaajista muun muassa P\u00f6yryn Mikon ja Karppisen Allun. Siell\u00e4 tuli k\u00e4yty\u00e4 katsomassa kaikki mahdolliset MP:n edustusjoukkueen ottelut ja joskus Pallo-Kissojenkin pelej\u00e4. Kes\u00e4isin my\u00f6s Eero Lehtosen muistokilpailut toivat nimekk\u00e4it\u00e4 yleisurheilijoita paikalle. <\/p>\n\n\n\n<figure class=\"wp-block-image size-full\"><img loading=\"lazy\" decoding=\"async\" width=\"512\" height=\"375\" src=\"https:\/\/arimonblogi.fi\/wp-content\/uploads\/2023\/03\/Mikkelin-lyseo.jpg\" alt=\"\" class=\"wp-image-394\" srcset=\"https:\/\/arimonblogi.fi\/wp-content\/uploads\/2023\/03\/Mikkelin-lyseo.jpg 512w, https:\/\/arimonblogi.fi\/wp-content\/uploads\/2023\/03\/Mikkelin-lyseo-300x220.jpg 300w\" sizes=\"auto, (max-width: 512px) 100vw, 512px\" \/><figcaption class=\"wp-element-caption\">Mikkelin lyseo<\/figcaption><\/figure>\n\n\n\n<p>T\u00e4m\u00e4 tienoo tuli tutuksi useiden vuosien aikana. Kuvassa on Mikkelin lyseo 1960-luvulla. Kuva on Mikkelin kaupungin museoista. Pihalla pelattiin futista tai pesist\u00e4. Huhut kertoivat tuolloin, ett\u00e4 se olisi t\u00e4ysi kymppi urheilussa, jos sai ikkunan rikki pesiksess\u00e4 Pauli Vainion tunnilla. H\u00e4nh\u00e4n oli itse entinen ly\u00f6j\u00e4kuningas. Lankun palatsin portaat n\u00e4kyv\u00e4t keskell\u00e4 oikealla. Erkki Lankinen oli meid\u00e4n veistonopettaja. Tulipahan veistetty\u00e4 useita karttakeppej\u00e4. Muuhun ei oikein veistotaidot ylt\u00e4neet.<\/p>\n\n\n\n<figure class=\"wp-block-image size-full\"><img loading=\"lazy\" decoding=\"async\" width=\"512\" height=\"373\" src=\"https:\/\/arimonblogi.fi\/wp-content\/uploads\/2023\/03\/Otavankatua-talvella.jpg\" alt=\"\" class=\"wp-image-395\" srcset=\"https:\/\/arimonblogi.fi\/wp-content\/uploads\/2023\/03\/Otavankatua-talvella.jpg 512w, https:\/\/arimonblogi.fi\/wp-content\/uploads\/2023\/03\/Otavankatua-talvella-300x219.jpg 300w\" sizes=\"auto, (max-width: 512px) 100vw, 512px\" \/><figcaption class=\"wp-element-caption\">Talvinen Otavankatu<\/figcaption><\/figure>\n\n\n\n<p>T\u00e4ss\u00e4 on talvista Otavankatua 1960-luvulla. Tienoo tuli tutuksi koulumatkoilla p\u00e4ivitt\u00e4in Vesitorninkadulta Mikkelin lyseoon. Vasemmalla puolella on urheilupuiston aitaa. Kuva on Mikkelin kaupungin museoista.<\/p>\n\n\n\n<p> <\/p>\n\n\n\n<p class=\"has-vivid-purple-color has-text-color has-link-color wp-elements-8eebce70903ef3d7b0a8e7518a77445d\"> <\/p>\n\n\n\n<p class=\"has-vivid-purple-color has-text-color has-link-color wp-elements-c91f8deee3c04b730e14abb8038927ba\"><\/p>\n\n\n\n<p><\/p>\n","protected":false},"excerpt":{"rendered":"<p>Kuukauden p\u00e4\u00e4st\u00e4 tulee kuluneeksi vuosi, kun aloin melko tosissani harjoittelemaan blogien kirjoittamista. Olen helpottanut sit\u00e4 niin, ett\u00e4 olen tehnyt niist\u00e4 kuvapainotteisia. Kouluaikaan ja joitakin vuosia my\u00f6s sen j\u00e4lkeen olin innokas kirjoittelija. Ylioppilasaine meni ensimm\u00e4isell\u00e4 kerralla pikkaisen pieleen omalta osaltani. Syksyll\u00e4 k\u00e4vin sitten uusimassa ja kirjoitin laudaturin. Muistan viel\u00e4 aineeni p\u00e4\u00e4piirteitt\u00e4in. Aihe oli &#8221;Joulukuun kuudes &#8211; [&hellip;]<\/p>\n","protected":false},"author":1,"featured_media":0,"comment_status":"open","ping_status":"open","sticky":false,"template":"","format":"standard","meta":{"footnotes":""},"categories":[12,81,57],"tags":[17,22,43],"class_list":["post-384","post","type-post","status-publish","format-standard","hentry","category-matkailu","category-mikkeli","category-paikallishistoria","tag-mikkeli","tag-paikallishistoria","tag-vanhat-valokuvat"],"_links":{"self":[{"href":"https:\/\/arimonblogi.fi\/index.php?rest_route=\/wp\/v2\/posts\/384","targetHints":{"allow":["GET"]}}],"collection":[{"href":"https:\/\/arimonblogi.fi\/index.php?rest_route=\/wp\/v2\/posts"}],"about":[{"href":"https:\/\/arimonblogi.fi\/index.php?rest_route=\/wp\/v2\/types\/post"}],"author":[{"embeddable":true,"href":"https:\/\/arimonblogi.fi\/index.php?rest_route=\/wp\/v2\/users\/1"}],"replies":[{"embeddable":true,"href":"https:\/\/arimonblogi.fi\/index.php?rest_route=%2Fwp%2Fv2%2Fcomments&post=384"}],"version-history":[{"count":14,"href":"https:\/\/arimonblogi.fi\/index.php?rest_route=\/wp\/v2\/posts\/384\/revisions"}],"predecessor-version":[{"id":4084,"href":"https:\/\/arimonblogi.fi\/index.php?rest_route=\/wp\/v2\/posts\/384\/revisions\/4084"}],"wp:attachment":[{"href":"https:\/\/arimonblogi.fi\/index.php?rest_route=%2Fwp%2Fv2%2Fmedia&parent=384"}],"wp:term":[{"taxonomy":"category","embeddable":true,"href":"https:\/\/arimonblogi.fi\/index.php?rest_route=%2Fwp%2Fv2%2Fcategories&post=384"},{"taxonomy":"post_tag","embeddable":true,"href":"https:\/\/arimonblogi.fi\/index.php?rest_route=%2Fwp%2Fv2%2Ftags&post=384"}],"curies":[{"name":"wp","href":"https:\/\/api.w.org\/{rel}","templated":true}]}}