{"id":428,"date":"2023-03-10T11:34:46","date_gmt":"2023-03-10T11:34:46","guid":{"rendered":"https:\/\/arimonblogi.fi\/?p=428"},"modified":"2025-12-16T14:50:12","modified_gmt":"2025-12-16T14:50:12","slug":"kilometreja-kukkia-katsellen","status":"publish","type":"post","link":"https:\/\/arimonblogi.fi\/?p=428","title":{"rendered":"Kilometrej\u00e4 kukkia katsellen"},"content":{"rendered":"\n<p>Olen tehnyt yhden kuvapainotteisen blogin el\u00e4imist\u00e4, joita olen kohdannut k\u00e4velylenkeill\u00e4ni. Toissa vuonna k\u00e4velin yli 6000 km vapun ja lokakuun viimeisen p\u00e4iv\u00e4n v\u00e4liss\u00e4. Samana aikana otin yhteens\u00e4 2000 valokuvaa. Muita mukavia asioita oli, ett\u00e4 jokaisella kilometrill\u00e4 painoni tipahti yhden gramman. Olin tasan 6 kg kevyempi syksyll\u00e4 kuin vappuna.<\/p>\n\n\n\n<p>Nyt tuon vuorostaan kasvikuntaa ja erikoisesti kukkia n\u00e4ytille v\u00e4h\u00e4n siin\u00e4 j\u00e4rjestyksess\u00e4, kuin ne maan pinnallekin ovat putkahtaneet. Olen poiminut n\u00e4m\u00e4 kukat kuva-arkistostani viime vuodelta ja toissa vuodelta.<\/p>\n\n\n\n<figure class=\"wp-block-image size-full\"><img loading=\"lazy\" decoding=\"async\" width=\"463\" height=\"626\" src=\"https:\/\/arimonblogi.fi\/wp-content\/uploads\/2023\/03\/leskenlehtia-22.jpg\" alt=\"\" class=\"wp-image-429\" srcset=\"https:\/\/arimonblogi.fi\/wp-content\/uploads\/2023\/03\/leskenlehtia-22.jpg 463w, https:\/\/arimonblogi.fi\/wp-content\/uploads\/2023\/03\/leskenlehtia-22-222x300.jpg 222w\" sizes=\"auto, (max-width: 463px) 100vw, 463px\" \/><figcaption class=\"wp-element-caption\">Leskenlehti\u00e4<\/figcaption><\/figure>\n\n\n\n<p>Kirkkaan keltaisia leskenlehti\u00e4 oli melko kuivassa heinikossa J\u00e4rvenp\u00e4\u00e4ss\u00e4 kulttuuripaikkojen Ahola ja Ainola puolessa v\u00e4liss\u00e4 viime kev\u00e4\u00e4n\u00e4 heti vapun j\u00e4lkeisen\u00e4 p\u00e4iv\u00e4n\u00e4 2.5.2022.<\/p>\n\n\n\n<p><strong> <\/strong><\/p>\n\n\n\n<figure class=\"wp-block-image size-full\"><img loading=\"lazy\" decoding=\"async\" width=\"693\" height=\"365\" src=\"https:\/\/arimonblogi.fi\/wp-content\/uploads\/2023\/03\/ensimmaisia-voikukkia.jpg\" alt=\"\" class=\"wp-image-430\" srcset=\"https:\/\/arimonblogi.fi\/wp-content\/uploads\/2023\/03\/ensimmaisia-voikukkia.jpg 693w, https:\/\/arimonblogi.fi\/wp-content\/uploads\/2023\/03\/ensimmaisia-voikukkia-300x158.jpg 300w\" sizes=\"auto, (max-width: 693px) 100vw, 693px\" \/><figcaption class=\"wp-element-caption\">Ensimm\u00e4iset voikukat<\/figcaption><\/figure>\n\n\n\n<p>Tasan viikko on vier\u00e4ht\u00e4nyt ensimm\u00e4isist\u00e4 leskenlehdist\u00e4, kun n\u00e4in n\u00e4m\u00e4 ensimm\u00e4iset voikukat viime kev\u00e4\u00e4n\u00e4 9.5.2022. N\u00e4m\u00e4 n\u00e4in l\u00e4hell\u00e4 J\u00e4rvenp\u00e4\u00e4n pes\u00e4pallokentt\u00e4\u00e4 Lepolassa. Tiedoksi kaikille, ett\u00e4 voikukan lehdist\u00e4 saa salaattiaineksia. Juurista on paahdettu kahvin korviketta. Myker\u00f6ist\u00e4 on tehty simaa ja jopa viini\u00e4. My\u00f6s monenlaista rohdosk\u00e4ytt\u00f6\u00e4 niill\u00e4 on. T\u00e4m\u00e4n kerron ihan vain vinkkin\u00e4, jos kauppojen hinnat jatkavat nousuaan.<\/p>\n\n\n\n<figure class=\"wp-block-image size-full\"><img loading=\"lazy\" decoding=\"async\" width=\"630\" height=\"501\" src=\"https:\/\/arimonblogi.fi\/wp-content\/uploads\/2023\/03\/narsisseja.jpg\" alt=\"\" class=\"wp-image-432\" srcset=\"https:\/\/arimonblogi.fi\/wp-content\/uploads\/2023\/03\/narsisseja.jpg 630w, https:\/\/arimonblogi.fi\/wp-content\/uploads\/2023\/03\/narsisseja-300x239.jpg 300w\" sizes=\"auto, (max-width: 630px) 100vw, 630px\" \/><figcaption class=\"wp-element-caption\">Narsisseja<\/figcaption><\/figure>\n\n\n\n<p>Edelleen jatketaan keltaisilla kukilla. N\u00e4m\u00e4 kukkivat 9.5.2022 Kyr\u00f6l\u00e4st\u00e4 Tuusulantielle johtavan tien oikealla puolella olevassa rinteess\u00e4 sill\u00e4 kohtaa, miss\u00e4 Sibeliuksen Ainola on vastapuolella tiet\u00e4.<\/p>\n\n\n\n<figure class=\"wp-block-image size-full\"><img loading=\"lazy\" decoding=\"async\" width=\"530\" height=\"494\" src=\"https:\/\/arimonblogi.fi\/wp-content\/uploads\/2023\/03\/valkovuokko.jpg\" alt=\"\" class=\"wp-image-433\" srcset=\"https:\/\/arimonblogi.fi\/wp-content\/uploads\/2023\/03\/valkovuokko.jpg 530w, https:\/\/arimonblogi.fi\/wp-content\/uploads\/2023\/03\/valkovuokko-300x280.jpg 300w\" sizes=\"auto, (max-width: 530px) 100vw, 530px\" \/><figcaption class=\"wp-element-caption\">Valkovuokkoja<\/figcaption><\/figure>\n\n\n\n<p>Valkovuokkoja oli monessa paikkaa 12.5.2021, kun n\u00e4m\u00e4 olen J\u00e4rvenp\u00e4\u00e4ss\u00e4 kuvannut.<\/p>\n\n\n\n<figure class=\"wp-block-image size-large\"><img loading=\"lazy\" decoding=\"async\" width=\"1024\" height=\"986\" src=\"https:\/\/arimonblogi.fi\/wp-content\/uploads\/2023\/03\/mina-ja-kirsikkapuut-1024x986.jpg\" alt=\"\" class=\"wp-image-434\" srcset=\"https:\/\/arimonblogi.fi\/wp-content\/uploads\/2023\/03\/mina-ja-kirsikkapuut-1024x986.jpg 1024w, https:\/\/arimonblogi.fi\/wp-content\/uploads\/2023\/03\/mina-ja-kirsikkapuut-300x289.jpg 300w, https:\/\/arimonblogi.fi\/wp-content\/uploads\/2023\/03\/mina-ja-kirsikkapuut-768x739.jpg 768w, https:\/\/arimonblogi.fi\/wp-content\/uploads\/2023\/03\/mina-ja-kirsikkapuut.jpg 1200w\" sizes=\"auto, (max-width: 1024px) 100vw, 1024px\" \/><figcaption class=\"wp-element-caption\">Kirsikkapuita Roihuvuoressa<\/figcaption><\/figure>\n\n\n\n<p>Viime kev\u00e4\u00e4n\u00e4 13.5.2022 Helsingin Roihuvuoressa kukkivat jo kirsikkapuut t\u00e4h\u00e4n malliin. Taustalla n\u00e4kyy osa sienim\u00e4ist\u00e4 vesitornia. Olin paikan p\u00e4\u00e4ll\u00e4 pikkuisen ennen varsinaista hanami-juhlaa. Tytt\u00e4reni asuu varsin l\u00e4hell\u00e4 kirsikkapuistoa.<\/p>\n\n\n\n<figure class=\"wp-block-image size-large\"><img loading=\"lazy\" decoding=\"async\" width=\"1024\" height=\"951\" src=\"https:\/\/arimonblogi.fi\/wp-content\/uploads\/2023\/03\/rentukka-1024x951.jpg\" alt=\"\" class=\"wp-image-437\" srcset=\"https:\/\/arimonblogi.fi\/wp-content\/uploads\/2023\/03\/rentukka-1024x951.jpg 1024w, https:\/\/arimonblogi.fi\/wp-content\/uploads\/2023\/03\/rentukka-300x279.jpg 300w, https:\/\/arimonblogi.fi\/wp-content\/uploads\/2023\/03\/rentukka-768x713.jpg 768w, https:\/\/arimonblogi.fi\/wp-content\/uploads\/2023\/03\/rentukka.jpg 1502w\" sizes=\"auto, (max-width: 1024px) 100vw, 1024px\" \/><figcaption class=\"wp-element-caption\">Rentukoita<\/figcaption><\/figure>\n\n\n\n<p>Ei ollut katuojassa viel\u00e4 rentun ruusuja, mutta rentukoita oli. Ajankohta on 17.5.2021. N\u00e4m\u00e4 kukkivat Lepolan ja Ristinummen v\u00e4liss\u00e4 J\u00e4rvenp\u00e4\u00e4ss\u00e4 Horsmatien ja junaradan v\u00e4lisess\u00e4 ojassa. <\/p>\n\n\n\n<figure class=\"wp-block-image size-full\"><img loading=\"lazy\" decoding=\"async\" width=\"449\" height=\"583\" src=\"https:\/\/arimonblogi.fi\/wp-content\/uploads\/2023\/03\/puu-tai-pensasp.jpg\" alt=\"\" class=\"wp-image-439\" srcset=\"https:\/\/arimonblogi.fi\/wp-content\/uploads\/2023\/03\/puu-tai-pensasp.jpg 449w, https:\/\/arimonblogi.fi\/wp-content\/uploads\/2023\/03\/puu-tai-pensasp-231x300.jpg 231w\" sizes=\"auto, (max-width: 449px) 100vw, 449px\" \/><figcaption class=\"wp-element-caption\">Pensas kukkii<\/figcaption><\/figure>\n\n\n\n<p>En tied\u00e4 sanoa, mik\u00e4 kukkiva pensas on kyseess\u00e4, mutta kuvan  olen ottanut 18.5.2021. Voisin kysy\u00e4 Jussilta, kun h\u00e4n on pensasasiatuntija. Armeijassakin heit\u00e4 oli kiv\u00e4\u00e4rikomppaniassa. Puskajusseja nimitt\u00e4in! T\u00e4m\u00e4 pensas on radanvarsitien varrelta J\u00e4rvenp\u00e4\u00e4st\u00e4 meilt\u00e4 Lepolaan p\u00e4in ment\u00e4ess\u00e4.<\/p>\n\n\n\n<figure class=\"wp-block-image size-large\"><img loading=\"lazy\" decoding=\"async\" width=\"1024\" height=\"766\" src=\"https:\/\/arimonblogi.fi\/wp-content\/uploads\/2023\/03\/narsisseja-ja-muita-1024x766.jpg\" alt=\"\" class=\"wp-image-440\" srcset=\"https:\/\/arimonblogi.fi\/wp-content\/uploads\/2023\/03\/narsisseja-ja-muita-1024x766.jpg 1024w, https:\/\/arimonblogi.fi\/wp-content\/uploads\/2023\/03\/narsisseja-ja-muita-300x224.jpg 300w, https:\/\/arimonblogi.fi\/wp-content\/uploads\/2023\/03\/narsisseja-ja-muita-768x575.jpg 768w, https:\/\/arimonblogi.fi\/wp-content\/uploads\/2023\/03\/narsisseja-ja-muita.jpg 1294w\" sizes=\"auto, (max-width: 1024px) 100vw, 1024px\" \/><figcaption class=\"wp-element-caption\">Narsisseja<\/figcaption><\/figure>\n\n\n\n<p>N\u00e4m\u00e4 ovat pihapiirist\u00e4 Kinnarista. En muista ihan tarkkaan, mink\u00e4 kadun varrelta olen n\u00e4it\u00e4 kuvannut. 20.5.2022 n\u00e4m\u00e4 ovat kukkineet.<\/p>\n\n\n\n<figure class=\"wp-block-image size-large\"><img loading=\"lazy\" decoding=\"async\" width=\"768\" height=\"1024\" src=\"https:\/\/arimonblogi.fi\/wp-content\/uploads\/2023\/03\/voikukkia-juhola-768x1024.jpg\" alt=\"\" class=\"wp-image-441\" srcset=\"https:\/\/arimonblogi.fi\/wp-content\/uploads\/2023\/03\/voikukkia-juhola-768x1024.jpg 768w, https:\/\/arimonblogi.fi\/wp-content\/uploads\/2023\/03\/voikukkia-juhola-225x300.jpg 225w, https:\/\/arimonblogi.fi\/wp-content\/uploads\/2023\/03\/voikukkia-juhola-1152x1536.jpg 1152w, https:\/\/arimonblogi.fi\/wp-content\/uploads\/2023\/03\/voikukkia-juhola-rotated.jpg 1254w\" sizes=\"auto, (max-width: 768px) 100vw, 768px\" \/><figcaption class=\"wp-element-caption\">Voikukkia<\/figcaption><\/figure>\n\n\n\n<p>Voikukkia pelto l\u00e4hes t\u00e4ynn\u00e4 oli 30.5.2022 Juholan kohdilla J\u00e4rvenp\u00e4\u00e4ss\u00e4.<\/p>\n\n\n\n<figure class=\"wp-block-image size-full\"><img loading=\"lazy\" decoding=\"async\" width=\"693\" height=\"924\" src=\"https:\/\/arimonblogi.fi\/wp-content\/uploads\/2023\/03\/omenapuu-kukkii.jpg\" alt=\"\" class=\"wp-image-442\" srcset=\"https:\/\/arimonblogi.fi\/wp-content\/uploads\/2023\/03\/omenapuu-kukkii.jpg 693w, https:\/\/arimonblogi.fi\/wp-content\/uploads\/2023\/03\/omenapuu-kukkii-225x300.jpg 225w\" sizes=\"auto, (max-width: 693px) 100vw, 693px\" \/><figcaption class=\"wp-element-caption\">Omenapuu kukkii<\/figcaption><\/figure>\n\n\n\n<p>Omenapuun kukinta on kaunista katseltavaa. T\u00e4m\u00e4 kuva on otettu 1.6.2022 J\u00e4rvenp\u00e4\u00e4ss\u00e4. En ole merkinnyt paikkaa tarkemmin yl\u00f6s.<\/p>\n\n\n\n<figure class=\"wp-block-image size-full\"><img loading=\"lazy\" decoding=\"async\" width=\"663\" height=\"394\" src=\"https:\/\/arimonblogi.fi\/wp-content\/uploads\/2023\/03\/paivankakkaroita.jpg\" alt=\"\" class=\"wp-image-443\" srcset=\"https:\/\/arimonblogi.fi\/wp-content\/uploads\/2023\/03\/paivankakkaroita.jpg 663w, https:\/\/arimonblogi.fi\/wp-content\/uploads\/2023\/03\/paivankakkaroita-300x178.jpg 300w\" sizes=\"auto, (max-width: 663px) 100vw, 663px\" \/><figcaption class=\"wp-element-caption\">P\u00e4iv\u00e4nkakkaroita<\/figcaption><\/figure>\n\n\n\n<p>P\u00e4iv\u00e4nkakkaroita on ollut todella paljon Vesipisaroiden puistossa J\u00e4rvenp\u00e4\u00e4ss\u00e4 Lepolan, Boogien ja Ristinummen v\u00e4liss\u00e4. T\u00e4ss\u00e4 menee l\u00e4hell\u00e4 kilometrin mittainen ovaalin muotoinen rata, jota olen tyk\u00e4nnyt usein kierrell\u00e4. Kuvan olen ottanut 26.6.2021.<\/p>\n\n\n\n<figure class=\"wp-block-image size-large\"><img loading=\"lazy\" decoding=\"async\" width=\"1024\" height=\"767\" src=\"https:\/\/arimonblogi.fi\/wp-content\/uploads\/2023\/03\/vaalea-kukkainen-pensas-1024x767.jpg\" alt=\"\" class=\"wp-image-445\" srcset=\"https:\/\/arimonblogi.fi\/wp-content\/uploads\/2023\/03\/vaalea-kukkainen-pensas-1024x767.jpg 1024w, https:\/\/arimonblogi.fi\/wp-content\/uploads\/2023\/03\/vaalea-kukkainen-pensas-300x225.jpg 300w, https:\/\/arimonblogi.fi\/wp-content\/uploads\/2023\/03\/vaalea-kukkainen-pensas-768x575.jpg 768w, https:\/\/arimonblogi.fi\/wp-content\/uploads\/2023\/03\/vaalea-kukkainen-pensas-1536x1150.jpg 1536w, https:\/\/arimonblogi.fi\/wp-content\/uploads\/2023\/03\/vaalea-kukkainen-pensas-1568x1174.jpg 1568w, https:\/\/arimonblogi.fi\/wp-content\/uploads\/2023\/03\/vaalea-kukkainen-pensas.jpg 1673w\" sizes=\"auto, (max-width: 1024px) 100vw, 1024px\" \/><figcaption class=\"wp-element-caption\">Vaaleakukkainen pensas<\/figcaption><\/figure>\n\n\n\n<p>En tied\u00e4, onko t\u00e4ss\u00e4 kyseess\u00e4 jokin hanhikkilaji. Olen t\u00e4m\u00e4n pensaikon kuvannut 3.7.2021.<\/p>\n\n\n\n<figure class=\"wp-block-image size-large\"><img loading=\"lazy\" decoding=\"async\" width=\"1000\" height=\"1024\" src=\"https:\/\/arimonblogi.fi\/wp-content\/uploads\/2023\/03\/ruiskaunokki-1000x1024.jpg\" alt=\"\" class=\"wp-image-446\" srcset=\"https:\/\/arimonblogi.fi\/wp-content\/uploads\/2023\/03\/ruiskaunokki-1000x1024.jpg 1000w, https:\/\/arimonblogi.fi\/wp-content\/uploads\/2023\/03\/ruiskaunokki-293x300.jpg 293w, https:\/\/arimonblogi.fi\/wp-content\/uploads\/2023\/03\/ruiskaunokki-768x787.jpg 768w, https:\/\/arimonblogi.fi\/wp-content\/uploads\/2023\/03\/ruiskaunokki.jpg 1430w\" sizes=\"auto, (max-width: 1000px) 100vw, 1000px\" \/><figcaption class=\"wp-element-caption\">Ruiskaunokkeja<\/figcaption><\/figure>\n\n\n\n<p>3.7.2021 olen kuvannut ruiskaunokkeja Vesipisaroiden puistossa, joka on noin kolmen kilometrin p\u00e4\u00e4ss\u00e4 kotoani ja muutaman sadan metrin p\u00e4\u00e4ss\u00e4 junaradasta. Hyvin ne kukkivat kuivallakin maalla.<\/p>\n\n\n\n<figure class=\"wp-block-image size-large\"><img loading=\"lazy\" decoding=\"async\" width=\"952\" height=\"1024\" src=\"https:\/\/arimonblogi.fi\/wp-content\/uploads\/2023\/03\/valmujakakaroita-ja-ruisk-952x1024.jpg\" alt=\"\" class=\"wp-image-447\" srcset=\"https:\/\/arimonblogi.fi\/wp-content\/uploads\/2023\/03\/valmujakakaroita-ja-ruisk-952x1024.jpg 952w, https:\/\/arimonblogi.fi\/wp-content\/uploads\/2023\/03\/valmujakakaroita-ja-ruisk-279x300.jpg 279w, https:\/\/arimonblogi.fi\/wp-content\/uploads\/2023\/03\/valmujakakaroita-ja-ruisk-768x826.jpg 768w, https:\/\/arimonblogi.fi\/wp-content\/uploads\/2023\/03\/valmujakakaroita-ja-ruisk.jpg 1004w\" sizes=\"auto, (max-width: 952px) 100vw, 952px\" \/><figcaption class=\"wp-element-caption\">Valmuja, ruiskaunokkeja ja p\u00e4iv\u00e4nkakkaroita<\/figcaption><\/figure>\n\n\n\n<p>Reilun kilometrin p\u00e4\u00e4ss\u00e4 t\u00e4st\u00e4 kohtaa on Valmukatu. Kuvassa olevat punaiset kukat ovat valmuja. Se on unikkolaji. P\u00e4iv\u00e4nkakkaroita ja ruiskaunokkeja on my\u00f6s p\u00e4\u00e4ssyt samaan kuvaan. Olen ottanut t\u00e4m\u00e4n kuvan 10.7.2021. <\/p>\n\n\n\n<figure class=\"wp-block-image size-full\"><img loading=\"lazy\" decoding=\"async\" width=\"734\" height=\"356\" src=\"https:\/\/arimonblogi.fi\/wp-content\/uploads\/2023\/03\/keltaisia-kukkia.jpg\" alt=\"\" class=\"wp-image-448\" srcset=\"https:\/\/arimonblogi.fi\/wp-content\/uploads\/2023\/03\/keltaisia-kukkia.jpg 734w, https:\/\/arimonblogi.fi\/wp-content\/uploads\/2023\/03\/keltaisia-kukkia-300x146.jpg 300w\" sizes=\"auto, (max-width: 734px) 100vw, 734px\" \/><figcaption class=\"wp-element-caption\">Keltaisia kukkia<\/figcaption><\/figure>\n\n\n\n<p>12.7.2021 olen kuvannut n\u00e4it\u00e4 kauniita kukkia, joiden nime\u00e4 en muista. Kes\u00e4lomaa koulusta vuonna 1965 ja 1966 en voinut kunnolla viett\u00e4\u00e4, kun piti molempina kesin\u00e4 ker\u00e4t\u00e4 40 kasvia. Minun kokoelmani oli aika lailla syksyll\u00e4 kukkivia kasveja t\u00e4ynn\u00e4. Siihen p\u00e4\u00e4lle piti sitten opetella kasvien nimien lis\u00e4ksi niiden latinankieliset nimet, jos olisi kympin halunnut kasviopista. <\/p>\n\n\n\n<figure class=\"wp-block-image size-full\"><img loading=\"lazy\" decoding=\"async\" width=\"447\" height=\"586\" src=\"https:\/\/arimonblogi.fi\/wp-content\/uploads\/2023\/03\/lilanvarisia-kukkia.jpg\" alt=\"\" class=\"wp-image-450\" srcset=\"https:\/\/arimonblogi.fi\/wp-content\/uploads\/2023\/03\/lilanvarisia-kukkia.jpg 447w, https:\/\/arimonblogi.fi\/wp-content\/uploads\/2023\/03\/lilanvarisia-kukkia-229x300.jpg 229w\" sizes=\"auto, (max-width: 447px) 100vw, 447px\" \/><figcaption class=\"wp-element-caption\">Lilanv\u00e4risi\u00e4 kukkia<\/figcaption><\/figure>\n\n\n\n<p>Lilanv\u00e4risi\u00e4 kukkia olen kuvannut 19.7.2021 J\u00e4rvenp\u00e4\u00e4ss\u00e4. Voisiko kyseess\u00e4 olla jalop\u00e4hk\u00e4m\u00f6?<\/p>\n\n\n\n<figure class=\"wp-block-image size-large\"><img loading=\"lazy\" decoding=\"async\" width=\"768\" height=\"1024\" src=\"https:\/\/arimonblogi.fi\/wp-content\/uploads\/2023\/03\/keltainen-urjala-768x1024.jpg\" alt=\"\" class=\"wp-image-451\" srcset=\"https:\/\/arimonblogi.fi\/wp-content\/uploads\/2023\/03\/keltainen-urjala-768x1024.jpg 768w, https:\/\/arimonblogi.fi\/wp-content\/uploads\/2023\/03\/keltainen-urjala-225x300.jpg 225w, https:\/\/arimonblogi.fi\/wp-content\/uploads\/2023\/03\/keltainen-urjala-1152x1536.jpg 1152w, https:\/\/arimonblogi.fi\/wp-content\/uploads\/2023\/03\/keltainen-urjala-rotated.jpg 1254w\" sizes=\"auto, (max-width: 768px) 100vw, 768px\" \/><figcaption class=\"wp-element-caption\">Keltaisia kukkia<\/figcaption><\/figure>\n\n\n\n<p>Vietimme yhden viikon Urjalassa viime kes\u00e4n\u00e4 kolmen sukupolven kesken. Vuokrasimme sielt\u00e4 kes\u00e4m\u00f6kin. N\u00e4m\u00e4 kukat olen kuvannut 3.8.2022. K\u00e4vimme P\u00f6lkinvuoren kasvimaailmassa. T\u00e4m\u00e4 keltainen liljalajike oli yksi niist\u00e4 sadoista kukista, jota siell\u00e4 oli n\u00e4ytill\u00e4.<\/p>\n\n\n\n<figure class=\"wp-block-image size-large\"><img loading=\"lazy\" decoding=\"async\" width=\"768\" height=\"1024\" src=\"https:\/\/arimonblogi.fi\/wp-content\/uploads\/2023\/03\/vaalpuna-urjala-768x1024.jpg\" alt=\"\" class=\"wp-image-452\" srcset=\"https:\/\/arimonblogi.fi\/wp-content\/uploads\/2023\/03\/vaalpuna-urjala-768x1024.jpg 768w, https:\/\/arimonblogi.fi\/wp-content\/uploads\/2023\/03\/vaalpuna-urjala-225x300.jpg 225w, https:\/\/arimonblogi.fi\/wp-content\/uploads\/2023\/03\/vaalpuna-urjala-1152x1536.jpg 1152w, https:\/\/arimonblogi.fi\/wp-content\/uploads\/2023\/03\/vaalpuna-urjala-rotated.jpg 1254w\" sizes=\"auto, (max-width: 768px) 100vw, 768px\" \/><figcaption class=\"wp-element-caption\">Urjalan kukkia<\/figcaption><\/figure>\n\n\n\n<p>T\u00e4m\u00e4 kuva on my\u00f6s otettu Urjalassa P\u00f6lkinvuorella 3.8.2022. Kiersimme vajaan kilometrin lenkin, jonka varrella oli lukuisia erilaisia kasveja ja kukkia.<\/p>\n\n\n\n<figure class=\"wp-block-image size-large\"><img loading=\"lazy\" decoding=\"async\" width=\"754\" height=\"1024\" src=\"https:\/\/arimonblogi.fi\/wp-content\/uploads\/2023\/03\/aseman-kukkaistutuksia-754x1024.jpg\" alt=\"\" class=\"wp-image-454\" srcset=\"https:\/\/arimonblogi.fi\/wp-content\/uploads\/2023\/03\/aseman-kukkaistutuksia-754x1024.jpg 754w, https:\/\/arimonblogi.fi\/wp-content\/uploads\/2023\/03\/aseman-kukkaistutuksia-221x300.jpg 221w, https:\/\/arimonblogi.fi\/wp-content\/uploads\/2023\/03\/aseman-kukkaistutuksia-768x1042.jpg 768w, https:\/\/arimonblogi.fi\/wp-content\/uploads\/2023\/03\/aseman-kukkaistutuksia-1132x1536.jpg 1132w, https:\/\/arimonblogi.fi\/wp-content\/uploads\/2023\/03\/aseman-kukkaistutuksia.jpg 1243w\" sizes=\"auto, (max-width: 754px) 100vw, 754px\" \/><figcaption class=\"wp-element-caption\">J\u00e4rvenp\u00e4\u00e4n rautatieasema<\/figcaption><\/figure>\n\n\n\n<p>Aseman rinteess\u00e4 olevaan kukkaistutusaltaaseen p\u00e4\u00e4t\u00e4n t\u00e4m\u00e4n kuvakoosteen. T\u00e4m\u00e4n n\u00e4kym\u00e4n olen ikuistanut 28.9.2021.<\/p>\n\n\n\n<p>Kukkien, ruskapuiden ja el\u00e4inten lis\u00e4ksi olen k\u00e4velylenkeill\u00e4ni kuvannut kaikkea muutakin mielenkiintoista. Rakennuksia, patsaita, j\u00e4rvimaisemaa, puistoja ja joskus ihmisi\u00e4kin l\u00f6ytyy kuva-arkistostani. T\u00e4m\u00e4 on yksi niit\u00e4 nykypuhelimen hy\u00f6typuolia, kun saa kameraa pit\u00e4\u00e4 aina matkassa.<\/p>\n\n\n\n<p>Se huono puoli on tietokoneen \u00e4\u00e4ress\u00e4 istuessa talvisaikaan, ettei p\u00e4\u00e4se ulos oikein kunnon k\u00e4velylenkkej\u00e4 tekem\u00e4\u00e4n. Hyvin helposti k\u00e4y p\u00e4invastainen liike painon suhteen, jotta tiputettavaa taas l\u00f6ytyy tulevana suvena.<\/p>\n\n\n\n<p>Seuraavaksi n\u00e4ist\u00e4 lenkkikuvista laitan syksyisi\u00e4 ruskakuvia. Ei tarvitse l\u00e4hte\u00e4 Lappiin saakka niit\u00e4 ihailemaan, kun joskus l\u00f6ytyy komeaa n\u00e4ht\u00e4v\u00e4\u00e4 ihan l\u00e4hitienoolta.<\/p>\n\n\n\n<p class=\"has-vivid-green-cyan-color has-text-color has-link-color wp-elements-676138dae9b90ea16ab51e493fa1d65b\"> <\/p>\n\n\n\n<p><\/p>\n","protected":false},"excerpt":{"rendered":"<p>Olen tehnyt yhden kuvapainotteisen blogin el\u00e4imist\u00e4, joita olen kohdannut k\u00e4velylenkeill\u00e4ni. Toissa vuonna k\u00e4velin yli 6000 km vapun ja lokakuun viimeisen p\u00e4iv\u00e4n v\u00e4liss\u00e4. Samana aikana otin yhteens\u00e4 2000 valokuvaa. Muita mukavia asioita oli, ett\u00e4 jokaisella kilometrill\u00e4 painoni tipahti yhden gramman. Olin tasan 6 kg kevyempi syksyll\u00e4 kuin vappuna. Nyt tuon vuorostaan kasvikuntaa ja erikoisesti kukkia n\u00e4ytille [&hellip;]<\/p>\n","protected":false},"author":1,"featured_media":0,"comment_status":"open","ping_status":"open","sticky":false,"template":"","format":"standard","meta":{"footnotes":""},"categories":[36,62,12],"tags":[27,45,44],"class_list":["post-428","post","type-post","status-publish","format-standard","hentry","category-kaikki-aiheet","category-liikunta","category-matkailu","tag-jarvenpaa","tag-kavely","tag-kukat"],"_links":{"self":[{"href":"https:\/\/arimonblogi.fi\/index.php?rest_route=\/wp\/v2\/posts\/428","targetHints":{"allow":["GET"]}}],"collection":[{"href":"https:\/\/arimonblogi.fi\/index.php?rest_route=\/wp\/v2\/posts"}],"about":[{"href":"https:\/\/arimonblogi.fi\/index.php?rest_route=\/wp\/v2\/types\/post"}],"author":[{"embeddable":true,"href":"https:\/\/arimonblogi.fi\/index.php?rest_route=\/wp\/v2\/users\/1"}],"replies":[{"embeddable":true,"href":"https:\/\/arimonblogi.fi\/index.php?rest_route=%2Fwp%2Fv2%2Fcomments&post=428"}],"version-history":[{"count":19,"href":"https:\/\/arimonblogi.fi\/index.php?rest_route=\/wp\/v2\/posts\/428\/revisions"}],"predecessor-version":[{"id":4082,"href":"https:\/\/arimonblogi.fi\/index.php?rest_route=\/wp\/v2\/posts\/428\/revisions\/4082"}],"wp:attachment":[{"href":"https:\/\/arimonblogi.fi\/index.php?rest_route=%2Fwp%2Fv2%2Fmedia&parent=428"}],"wp:term":[{"taxonomy":"category","embeddable":true,"href":"https:\/\/arimonblogi.fi\/index.php?rest_route=%2Fwp%2Fv2%2Fcategories&post=428"},{"taxonomy":"post_tag","embeddable":true,"href":"https:\/\/arimonblogi.fi\/index.php?rest_route=%2Fwp%2Fv2%2Ftags&post=428"}],"curies":[{"name":"wp","href":"https:\/\/api.w.org\/{rel}","templated":true}]}}