{"id":462,"date":"2023-03-18T11:10:00","date_gmt":"2023-03-18T11:10:00","guid":{"rendered":"https:\/\/arimonblogi.fi\/?p=462"},"modified":"2025-12-16T14:49:06","modified_gmt":"2025-12-16T14:49:06","slug":"ruskaa-pukkasi-puskaan","status":"publish","type":"post","link":"https:\/\/arimonblogi.fi\/?p=462","title":{"rendered":"Ruskaa pukkasi puskaan"},"content":{"rendered":"\n<p>Olen k\u00e4velylenkkieni yhteydess\u00e4 ottanut paljon kuvia luonnosta, niin el\u00e4imist\u00e4 kuin kasveistakin. Olen jo n\u00e4iss\u00e4 kuvapainotteisissa blogeissani tuonut esille el\u00e4imi\u00e4 ja kukkia. Nyt tuon tarjolle joitakin syksyisi\u00e4 puiden ja pensaiden kuvia kahden viimeisimm\u00e4n syksyn ajoilta. Tuon n\u00e4it\u00e4 nyt aikaj\u00e4rjestyksess\u00e4 esille. Kaikki kuvat mahtuvat syys- ja lokakuulle. Sen j\u00e4lkeen alkaakin sitten puolen vuoden lehdet\u00f6n aika. Niin on minulla my\u00f6s k\u00e4velyn suhteen, jotta paljon v\u00e4hemm\u00e4n tulee tallailtua marras-huhtikuun v\u00e4lill\u00e4 kuin vapusta eteen p\u00e4in.<\/p>\n\n\n\n<figure class=\"wp-block-image size-full\"><img loading=\"lazy\" decoding=\"async\" width=\"564\" height=\"464\" src=\"https:\/\/arimonblogi.fi\/wp-content\/uploads\/2023\/03\/Rantapuisto.jpg\" alt=\"\" class=\"wp-image-463\" srcset=\"https:\/\/arimonblogi.fi\/wp-content\/uploads\/2023\/03\/Rantapuisto.jpg 564w, https:\/\/arimonblogi.fi\/wp-content\/uploads\/2023\/03\/Rantapuisto-300x247.jpg 300w\" sizes=\"auto, (max-width: 564px) 100vw, 564px\" \/><figcaption class=\"wp-element-caption\">Rantapuistoa<\/figcaption><\/figure>\n\n\n\n<p>Hieman on alkanut jo v\u00e4rit muuttua muutamissa puissa syyskuussa 12. p\u00e4iv\u00e4n\u00e4 J\u00e4rvenp\u00e4\u00e4n rantapuistossa vuonna 2022. T\u00e4m\u00e4 laaja alue on yksi suosikeistani k\u00e4velylenkeill\u00e4ni kev\u00e4\u00e4st\u00e4  syksyyn.<\/p>\n\n\n\n<p><strong> <\/strong><\/p>\n\n\n\n<figure class=\"wp-block-image size-large\"><img loading=\"lazy\" decoding=\"async\" width=\"768\" height=\"1024\" src=\"https:\/\/arimonblogi.fi\/wp-content\/uploads\/2023\/03\/sahankaari-22-768x1024.jpg\" alt=\"\" class=\"wp-image-464\" srcset=\"https:\/\/arimonblogi.fi\/wp-content\/uploads\/2023\/03\/sahankaari-22-768x1024.jpg 768w, https:\/\/arimonblogi.fi\/wp-content\/uploads\/2023\/03\/sahankaari-22-225x300.jpg 225w, https:\/\/arimonblogi.fi\/wp-content\/uploads\/2023\/03\/sahankaari-22-1152x1536.jpg 1152w, https:\/\/arimonblogi.fi\/wp-content\/uploads\/2023\/03\/sahankaari-22.jpg 1254w\" sizes=\"auto, (max-width: 768px) 100vw, 768px\" \/><figcaption class=\"wp-element-caption\">Sahankaari<\/figcaption><\/figure>\n\n\n\n<p>T\u00e4ss\u00e4 on vaahteran lehdet muuttaneet jo v\u00e4ri\u00e4\u00e4n aivan kotitalomme l\u00e4hettyvill\u00e4 P\u00f6yt\u00e4alhossa. T\u00e4m\u00e4n kuvan olen napannut 13.9.2022.<\/p>\n\n\n\n<figure class=\"wp-block-image size-full\"><img loading=\"lazy\" decoding=\"async\" width=\"693\" height=\"681\" src=\"https:\/\/arimonblogi.fi\/wp-content\/uploads\/2023\/03\/sahankaari-toinen-22.jpg\" alt=\"\" class=\"wp-image-465\" srcset=\"https:\/\/arimonblogi.fi\/wp-content\/uploads\/2023\/03\/sahankaari-toinen-22.jpg 693w, https:\/\/arimonblogi.fi\/wp-content\/uploads\/2023\/03\/sahankaari-toinen-22-300x295.jpg 300w\" sizes=\"auto, (max-width: 693px) 100vw, 693px\" \/><figcaption class=\"wp-element-caption\">Sahankaarta j\u00e4lleen<\/figcaption><\/figure>\n\n\n\n<p>T\u00e4ss\u00e4 olen j\u00e4lleen Sahankaaren tienoilla J\u00e4rvenp\u00e4\u00e4ss\u00e4 kotini l\u00e4hettyvill\u00e4 16.9.2022<\/p>\n\n\n\n<figure class=\"wp-block-image size-full\"><img loading=\"lazy\" decoding=\"async\" width=\"693\" height=\"924\" src=\"https:\/\/arimonblogi.fi\/wp-content\/uploads\/2023\/03\/punainen-pensas.jpg\" alt=\"\" class=\"wp-image-467\" srcset=\"https:\/\/arimonblogi.fi\/wp-content\/uploads\/2023\/03\/punainen-pensas.jpg 693w, https:\/\/arimonblogi.fi\/wp-content\/uploads\/2023\/03\/punainen-pensas-225x300.jpg 225w\" sizes=\"auto, (max-width: 693px) 100vw, 693px\" \/><figcaption class=\"wp-element-caption\">N\u00e4tti\u00e4 punaista v\u00e4ri\u00e4 on n\u00e4iss\u00e4 lehdiss\u00e4. Kuvan olen ottanut 16.9.2022. Taidan olla t\u00e4ss\u00e4 melko l\u00e4hell\u00e4 J\u00e4rvenp\u00e4\u00e4n Mac Donaldsia Pajalan suuntaan ment\u00e4ess\u00e4.<\/figcaption><\/figure>\n\n\n\n<figure class=\"wp-block-image size-full\"><img loading=\"lazy\" decoding=\"async\" width=\"693\" height=\"636\" src=\"https:\/\/arimonblogi.fi\/wp-content\/uploads\/2023\/03\/Tuulimylly.jpg\" alt=\"\" class=\"wp-image-468\" srcset=\"https:\/\/arimonblogi.fi\/wp-content\/uploads\/2023\/03\/Tuulimylly.jpg 693w, https:\/\/arimonblogi.fi\/wp-content\/uploads\/2023\/03\/Tuulimylly-300x275.jpg 300w\" sizes=\"auto, (max-width: 693px) 100vw, 693px\" \/><figcaption class=\"wp-element-caption\">Vanhankyl\u00e4nniemi<\/figcaption><\/figure>\n\n\n\n<p>T\u00e4ss\u00e4 olen Vanhankyl\u00e4niemess\u00e4 noin kolmen kilometrin p\u00e4\u00e4ss\u00e4 J\u00e4rvenp\u00e4\u00e4n keskustasta. Ajankohta on 18.9.2022. Edess\u00e4ni on tuulimylly ja sen l\u00e4hell\u00e4 on Kes\u00e4teatteri. Selk\u00e4ni takana on Vanhankyl\u00e4n kartano. Se on hyv\u00e4 kahvi- ja ruokapaikka. Siell\u00e4 yll\u00e4ttyy,  kun V\u00e4in\u00f6 Myllyrinteen vahanukke on sinua vastaanottamassa. V\u00e4in\u00f6h\u00e4n oli pisimm\u00e4ll\u00e4\u00e4n 248 cm.<\/p>\n\n\n\n<figure class=\"wp-block-image size-full\"><img loading=\"lazy\" decoding=\"async\" width=\"693\" height=\"924\" src=\"https:\/\/arimonblogi.fi\/wp-content\/uploads\/2023\/03\/Huvilakatua.jpg\" alt=\"\" class=\"wp-image-470\" srcset=\"https:\/\/arimonblogi.fi\/wp-content\/uploads\/2023\/03\/Huvilakatua.jpg 693w, https:\/\/arimonblogi.fi\/wp-content\/uploads\/2023\/03\/Huvilakatua-225x300.jpg 225w\" sizes=\"auto, (max-width: 693px) 100vw, 693px\" \/><figcaption class=\"wp-element-caption\">Huvilakatua<\/figcaption><\/figure>\n\n\n\n<p>Olen melkoisen l\u00e4hell\u00e4 J\u00e4rvenp\u00e4\u00e4n virastotaloa 21.9.2022.  On todella syksyinen ilo tehd\u00e4 k\u00e4velylenkkej\u00e4 ihan oman kotikaupungin maisemissa ja n\u00e4hd\u00e4 komeaa v\u00e4riloistoa Luojan luomien kasvien kautta.<\/p>\n\n\n\n<figure class=\"wp-block-image size-large\"><img loading=\"lazy\" decoding=\"async\" width=\"1024\" height=\"497\" src=\"https:\/\/arimonblogi.fi\/wp-content\/uploads\/2023\/03\/suksitehtaankatu-1024x497.jpg\" alt=\"\" class=\"wp-image-471\" srcset=\"https:\/\/arimonblogi.fi\/wp-content\/uploads\/2023\/03\/suksitehtaankatu-1024x497.jpg 1024w, https:\/\/arimonblogi.fi\/wp-content\/uploads\/2023\/03\/suksitehtaankatu-300x146.jpg 300w, https:\/\/arimonblogi.fi\/wp-content\/uploads\/2023\/03\/suksitehtaankatu-768x373.jpg 768w, https:\/\/arimonblogi.fi\/wp-content\/uploads\/2023\/03\/suksitehtaankatu-1536x746.jpg 1536w, https:\/\/arimonblogi.fi\/wp-content\/uploads\/2023\/03\/suksitehtaankatu-2048x995.jpg 2048w, https:\/\/arimonblogi.fi\/wp-content\/uploads\/2023\/03\/suksitehtaankatu-1568x762.jpg 1568w\" sizes=\"auto, (max-width: 1024px) 100vw, 1024px\" \/><figcaption class=\"wp-element-caption\">Suksitehtaankatu<\/figcaption><\/figure>\n\n\n\n<p>Olin Suksitehtaankadulla 21.9.2021 ja nappasin t\u00e4m\u00e4n komean kuvan. Vanha suksitehdas on punertavan s\u00e4vyisess\u00e4 v\u00e4riss\u00e4 julkisivusein\u00e4lt\u00e4\u00e4n. T\u00e4m\u00e4 on Kinnarin kaupunginosaa. T\u00e4ss\u00e4 rakennuksessa on vuokralla k\u00e4sity\u00f6l\u00e4isi\u00e4, jotka tekev\u00e4t ty\u00f6t\u00e4\u00e4n ja myyv\u00e4t tuotteitaan. He ompelevat, kunnostavat, nikkaroivat ja ideoivat vanhasta uutta. Siell\u00e4 on sisustus- ja lahjatavaramyym\u00e4l\u00e4.<\/p>\n\n\n\n<figure class=\"wp-block-image size-large\"><img loading=\"lazy\" decoding=\"async\" width=\"768\" height=\"1024\" src=\"https:\/\/arimonblogi.fi\/wp-content\/uploads\/2023\/03\/Jarvenpaan-keskustaap-768x1024.jpg\" alt=\"\" class=\"wp-image-469\" srcset=\"https:\/\/arimonblogi.fi\/wp-content\/uploads\/2023\/03\/Jarvenpaan-keskustaap-768x1024.jpg 768w, https:\/\/arimonblogi.fi\/wp-content\/uploads\/2023\/03\/Jarvenpaan-keskustaap-225x300.jpg 225w, https:\/\/arimonblogi.fi\/wp-content\/uploads\/2023\/03\/Jarvenpaan-keskustaap-1152x1536.jpg 1152w, https:\/\/arimonblogi.fi\/wp-content\/uploads\/2023\/03\/Jarvenpaan-keskustaap.jpg 1254w\" sizes=\"auto, (max-width: 768px) 100vw, 768px\" \/><figcaption class=\"wp-element-caption\">J\u00e4rvenp\u00e4\u00e4n keskustaa<\/figcaption><\/figure>\n\n\n\n<p>Olen J\u00e4rvenp\u00e4\u00e4n keskustassa 22.9.2022. Komeaa punaista lehte\u00e4 pukkaa t\u00e4m\u00e4 puu n\u00e4ytille.<\/p>\n\n\n\n<figure class=\"wp-block-image size-large\"><img loading=\"lazy\" decoding=\"async\" width=\"898\" height=\"1024\" src=\"https:\/\/arimonblogi.fi\/wp-content\/uploads\/2023\/03\/Justin-seinustaa-898x1024.jpg\" alt=\"\" class=\"wp-image-472\" srcset=\"https:\/\/arimonblogi.fi\/wp-content\/uploads\/2023\/03\/Justin-seinustaa-898x1024.jpg 898w, https:\/\/arimonblogi.fi\/wp-content\/uploads\/2023\/03\/Justin-seinustaa-263x300.jpg 263w, https:\/\/arimonblogi.fi\/wp-content\/uploads\/2023\/03\/Justin-seinustaa-768x876.jpg 768w, https:\/\/arimonblogi.fi\/wp-content\/uploads\/2023\/03\/Justin-seinustaa-1347x1536.jpg 1347w, https:\/\/arimonblogi.fi\/wp-content\/uploads\/2023\/03\/Justin-seinustaa.jpg 1356w\" sizes=\"auto, (max-width: 898px) 100vw, 898px\" \/><figcaption class=\"wp-element-caption\">Justin seinustaa<\/figcaption><\/figure>\n\n\n\n<p>Just on J\u00e4rvenp\u00e4\u00e4n sosiaali- ja terveysasema vastap\u00e4\u00e4t\u00e4 maailman parhaimmaksi valittua kauppaa eli J\u00e4rvenp\u00e4\u00e4n Citymarkettia. T\u00e4ss\u00e4 on seinustan puskissa ruskaa 26.9.2021.<\/p>\n\n\n\n<figure class=\"wp-block-image size-large is-resized\"><img loading=\"lazy\" decoding=\"async\" width=\"741\" height=\"1024\" src=\"https:\/\/arimonblogi.fi\/wp-content\/uploads\/2023\/03\/Kartanontieta-741x1024.jpg\" alt=\"\" class=\"wp-image-473\" style=\"width:556px;height:768px\" srcset=\"https:\/\/arimonblogi.fi\/wp-content\/uploads\/2023\/03\/Kartanontieta-741x1024.jpg 741w, https:\/\/arimonblogi.fi\/wp-content\/uploads\/2023\/03\/Kartanontieta-217x300.jpg 217w, https:\/\/arimonblogi.fi\/wp-content\/uploads\/2023\/03\/Kartanontieta-768x1061.jpg 768w, https:\/\/arimonblogi.fi\/wp-content\/uploads\/2023\/03\/Kartanontieta-1112x1536.jpg 1112w, https:\/\/arimonblogi.fi\/wp-content\/uploads\/2023\/03\/Kartanontieta.jpg 1232w\" sizes=\"auto, (max-width: 741px) 100vw, 741px\" \/><figcaption class=\"wp-element-caption\">Kartanontiet\u00e4<\/figcaption><\/figure>\n\n\n\n<p>N\u00e4tisti on vaaleaa tiilisein\u00e4\u00e4 koristeltu tummanpunaisella k\u00f6ynn\u00f6skasvilla. Kartanontiell\u00e4 l\u00e4hell\u00e4 Myllytiet\u00e4 J\u00e4rvenp\u00e4\u00e4ss\u00e4 olen kuvannut t\u00e4t\u00e4 rakennusta 27.9.2021.<\/p>\n\n\n\n<figure class=\"wp-block-image size-large\"><img loading=\"lazy\" decoding=\"async\" width=\"717\" height=\"1024\" src=\"https:\/\/arimonblogi.fi\/wp-content\/uploads\/2023\/03\/seutulantieta-717x1024.jpg\" alt=\"\" class=\"wp-image-475\" srcset=\"https:\/\/arimonblogi.fi\/wp-content\/uploads\/2023\/03\/seutulantieta-717x1024.jpg 717w, https:\/\/arimonblogi.fi\/wp-content\/uploads\/2023\/03\/seutulantieta-210x300.jpg 210w, https:\/\/arimonblogi.fi\/wp-content\/uploads\/2023\/03\/seutulantieta-768x1097.jpg 768w, https:\/\/arimonblogi.fi\/wp-content\/uploads\/2023\/03\/seutulantieta-1075x1536.jpg 1075w, https:\/\/arimonblogi.fi\/wp-content\/uploads\/2023\/03\/seutulantieta.jpg 1211w\" sizes=\"auto, (max-width: 717px) 100vw, 717px\" \/><figcaption class=\"wp-element-caption\">Seutulantiet\u00e4<\/figcaption><\/figure>\n\n\n\n<p>Varsin l\u00e4hell\u00e4 edellist\u00e4 kuvaa on my\u00f6s t\u00e4m\u00e4 rakennus, joka on Seutulantiell\u00e4. Olen t\u00e4m\u00e4n kuvan ottanut 27.9.2021.<\/p>\n\n\n\n<figure class=\"wp-block-image size-large\"><img loading=\"lazy\" decoding=\"async\" width=\"1024\" height=\"1024\" src=\"https:\/\/arimonblogi.fi\/wp-content\/uploads\/2023\/03\/Myllytieta-1024x1024.jpg\" alt=\"\" class=\"wp-image-476\" srcset=\"https:\/\/arimonblogi.fi\/wp-content\/uploads\/2023\/03\/Myllytieta-1024x1024.jpg 1024w, https:\/\/arimonblogi.fi\/wp-content\/uploads\/2023\/03\/Myllytieta-300x300.jpg 300w, https:\/\/arimonblogi.fi\/wp-content\/uploads\/2023\/03\/Myllytieta-150x150.jpg 150w, https:\/\/arimonblogi.fi\/wp-content\/uploads\/2023\/03\/Myllytieta-768x769.jpg 768w, https:\/\/arimonblogi.fi\/wp-content\/uploads\/2023\/03\/Myllytieta.jpg 1447w\" sizes=\"auto, (max-width: 1024px) 100vw, 1024px\" \/><figcaption class=\"wp-element-caption\">Myllytien ja Seutulantien risteys<\/figcaption><\/figure>\n\n\n\n<p>T\u00e4ss\u00e4 olen ollut Myllytien ja Seutulantien risteyksess\u00e4 ja edellisen kuvan rakennus n\u00e4kyy t\u00e4ss\u00e4 my\u00f6s. Ajankohta on ollut 27.9.2021.<\/p>\n\n\n\n<figure class=\"wp-block-image size-large\"><img loading=\"lazy\" decoding=\"async\" width=\"834\" height=\"1024\" src=\"https:\/\/arimonblogi.fi\/wp-content\/uploads\/2023\/03\/Neilikkatie-834x1024.jpg\" alt=\"\" class=\"wp-image-477\" srcset=\"https:\/\/arimonblogi.fi\/wp-content\/uploads\/2023\/03\/Neilikkatie-834x1024.jpg 834w, https:\/\/arimonblogi.fi\/wp-content\/uploads\/2023\/03\/Neilikkatie-244x300.jpg 244w, https:\/\/arimonblogi.fi\/wp-content\/uploads\/2023\/03\/Neilikkatie-768x943.jpg 768w, https:\/\/arimonblogi.fi\/wp-content\/uploads\/2023\/03\/Neilikkatie-1251x1536.jpg 1251w, https:\/\/arimonblogi.fi\/wp-content\/uploads\/2023\/03\/Neilikkatie.jpg 1306w\" sizes=\"auto, (max-width: 834px) 100vw, 834px\" \/><figcaption class=\"wp-element-caption\">Neilikkatiell\u00e4<\/figcaption><\/figure>\n\n\n\n<p>Neilikkatiell\u00e4 Kyr\u00f6l\u00e4ss\u00e4 minulle sattui iloinen mahdollisuus opetella ajamaan s\u00e4hk\u00f6skuutilla. Punertavat puskat p\u00e4\u00e4siv\u00e4t my\u00f6s kuvaan, jonka otti 1.10.2021 ajo-opettajani Jasper.<\/p>\n\n\n\n<figure class=\"wp-block-image size-large is-resized\"><img loading=\"lazy\" decoding=\"async\" width=\"648\" height=\"1024\" src=\"https:\/\/arimonblogi.fi\/wp-content\/uploads\/2023\/03\/Helsingintie-648x1024.jpg\" alt=\"\" class=\"wp-image-478\" style=\"width:486px;height:768px\" srcset=\"https:\/\/arimonblogi.fi\/wp-content\/uploads\/2023\/03\/Helsingintie-648x1024.jpg 648w, https:\/\/arimonblogi.fi\/wp-content\/uploads\/2023\/03\/Helsingintie-190x300.jpg 190w, https:\/\/arimonblogi.fi\/wp-content\/uploads\/2023\/03\/Helsingintie-768x1213.jpg 768w, https:\/\/arimonblogi.fi\/wp-content\/uploads\/2023\/03\/Helsingintie-972x1536.jpg 972w, https:\/\/arimonblogi.fi\/wp-content\/uploads\/2023\/03\/Helsingintie.jpg 1152w\" sizes=\"auto, (max-width: 648px) 100vw, 648px\" \/><figcaption class=\"wp-element-caption\">Helsingintiet\u00e4<\/figcaption><\/figure>\n\n\n\n<p>Helsingintiet\u00e4 olen kuvannut 3.10.2021 aivan J\u00e4rvenp\u00e4\u00e4n ydinkeskustassa.<\/p>\n\n\n\n<figure class=\"wp-block-image size-large is-resized\"><img loading=\"lazy\" decoding=\"async\" width=\"498\" height=\"1024\" src=\"https:\/\/arimonblogi.fi\/wp-content\/uploads\/2023\/03\/Sibbe-ja-kulttuuripuisto-498x1024.jpg\" alt=\"\" class=\"wp-image-479\" style=\"width:374px;height:768px\" srcset=\"https:\/\/arimonblogi.fi\/wp-content\/uploads\/2023\/03\/Sibbe-ja-kulttuuripuisto-498x1024.jpg 498w, https:\/\/arimonblogi.fi\/wp-content\/uploads\/2023\/03\/Sibbe-ja-kulttuuripuisto-146x300.jpg 146w, https:\/\/arimonblogi.fi\/wp-content\/uploads\/2023\/03\/Sibbe-ja-kulttuuripuisto-768x1581.jpg 768w, https:\/\/arimonblogi.fi\/wp-content\/uploads\/2023\/03\/Sibbe-ja-kulttuuripuisto-746x1536.jpg 746w, https:\/\/arimonblogi.fi\/wp-content\/uploads\/2023\/03\/Sibbe-ja-kulttuuripuisto-995x2048.jpg 995w, https:\/\/arimonblogi.fi\/wp-content\/uploads\/2023\/03\/Sibbe-ja-kulttuuripuisto-scaled.jpg 1244w\" sizes=\"auto, (max-width: 498px) 100vw, 498px\" \/><figcaption class=\"wp-element-caption\">Jean Sibelius kulttuuripuistossa<\/figcaption><\/figure>\n\n\n\n<p>Lopetan kuvien esittelyn maailmankuuluun Jean Sibeliukseen, joka oli my\u00f6s ahkera k\u00e4velij\u00e4 sata vuotta sitten ja viel\u00e4 v\u00e4h\u00e4n vanhempanakin. Olen k\u00e4velylenkeill\u00e4ni mennyt t\u00e4st\u00e4 usein ohitse niin kuin my\u00f6s siell\u00e4 Ainolan tienoilla h\u00e4nen ja Ainon kotitalon ohitse. J\u00e4rvenp\u00e4\u00e4 on pinta-alaltaan melkoisen pieni kaupunki, vain noin 36 m2, joten t\u00e4\u00e4ll\u00e4 on helppo tehd\u00e4 kaupunkikierros k\u00e4vellen. Jos t\u00e4m\u00e4 olisi neli\u00f6, niin 6 km olisi yksi sivu. T\u00e4m\u00e4 patsas sijaitsee J\u00e4rvenp\u00e4\u00e4n kulttuuripuistossa kirjaston vieress\u00e4 rautatieaseman kohdilla radan toisella puolin. <\/p>\n\n\n\n<p> <\/p>\n\n\n\n<p><\/p>\n\n\n\n<p class=\"has-vivid-red-color has-text-color has-link-color has-vivid-red-color has-text-color\"><strong> <\/strong><\/p>\n\n\n\n<p><\/p>\n","protected":false},"excerpt":{"rendered":"<p>Olen k\u00e4velylenkkieni yhteydess\u00e4 ottanut paljon kuvia luonnosta, niin el\u00e4imist\u00e4 kuin kasveistakin. Olen jo n\u00e4iss\u00e4 kuvapainotteisissa blogeissani tuonut esille el\u00e4imi\u00e4 ja kukkia. Nyt tuon tarjolle joitakin syksyisi\u00e4 puiden ja pensaiden kuvia kahden viimeisimm\u00e4n syksyn ajoilta. Tuon n\u00e4it\u00e4 nyt aikaj\u00e4rjestyksess\u00e4 esille. Kaikki kuvat mahtuvat syys- ja lokakuulle. Sen j\u00e4lkeen alkaakin sitten puolen vuoden lehdet\u00f6n aika. Niin on [&hellip;]<\/p>\n","protected":false},"author":1,"featured_media":0,"comment_status":"open","ping_status":"open","sticky":false,"template":"","format":"standard","meta":{"footnotes":""},"categories":[12],"tags":[27,51,52,50],"class_list":["post-462","post","type-post","status-publish","format-standard","hentry","category-matkailu","tag-jarvenpaa","tag-kasvit","tag-keski-uusimaa","tag-luonto"],"_links":{"self":[{"href":"https:\/\/arimonblogi.fi\/index.php?rest_route=\/wp\/v2\/posts\/462","targetHints":{"allow":["GET"]}}],"collection":[{"href":"https:\/\/arimonblogi.fi\/index.php?rest_route=\/wp\/v2\/posts"}],"about":[{"href":"https:\/\/arimonblogi.fi\/index.php?rest_route=\/wp\/v2\/types\/post"}],"author":[{"embeddable":true,"href":"https:\/\/arimonblogi.fi\/index.php?rest_route=\/wp\/v2\/users\/1"}],"replies":[{"embeddable":true,"href":"https:\/\/arimonblogi.fi\/index.php?rest_route=%2Fwp%2Fv2%2Fcomments&post=462"}],"version-history":[{"count":14,"href":"https:\/\/arimonblogi.fi\/index.php?rest_route=\/wp\/v2\/posts\/462\/revisions"}],"predecessor-version":[{"id":4081,"href":"https:\/\/arimonblogi.fi\/index.php?rest_route=\/wp\/v2\/posts\/462\/revisions\/4081"}],"wp:attachment":[{"href":"https:\/\/arimonblogi.fi\/index.php?rest_route=%2Fwp%2Fv2%2Fmedia&parent=462"}],"wp:term":[{"taxonomy":"category","embeddable":true,"href":"https:\/\/arimonblogi.fi\/index.php?rest_route=%2Fwp%2Fv2%2Fcategories&post=462"},{"taxonomy":"post_tag","embeddable":true,"href":"https:\/\/arimonblogi.fi\/index.php?rest_route=%2Fwp%2Fv2%2Ftags&post=462"}],"curies":[{"name":"wp","href":"https:\/\/api.w.org\/{rel}","templated":true}]}}